{"id":407,"date":"2009-06-25T20:38:08","date_gmt":"2009-06-25T20:38:08","guid":{"rendered":"http:\/\/fcpolit.unr.edu.ar\/blogs\/redaccion1-arrabal\/2009\/06\/25\/notas-primer-parcial-comision-1\/"},"modified":"2009-06-25T20:38:08","modified_gmt":"2009-06-25T20:38:08","slug":"notas-primer-parcial-comision-1","status":"publish","type":"post","link":"https:\/\/redaccion1.fcpolit.unr.edu.ar\/comision-arrabal\/2009\/06\/25\/notas-primer-parcial-comision-1\/","title":{"rendered":"Notas Primer Parcial &#8211; Comisi\u00f3n 1"},"content":{"rendered":"<p><img decoding=\"async\" alt=\"importante.jpg\" src=\"http:\/\/www.bdp.org.ar\/facultad\/catedras\/comsoc\/redaccion1\/arrabal\/importante.jpg\" width=\"114\" \/><br \/>\nPublico a continuaci\u00f3n las notas del primer parcial de Redacci\u00f3n de los alumnos de la comision 1. Debido a que la Facultad permanecer\u00e1 cerrada para evitar la propagaci\u00f3n del virus de la gripe A, el Recuperatorio se realizar\u00e1<strong> el jueves 13 de agosto a las 8 horas en el aula 101<\/strong>. Para los que aprobaron: Felicitaciones!! y para el resto: Estudien!!<\/p>\n<p><!--more--><br \/>\n<strong>Notas Comision 1<br \/>\n<\/strong><br \/>\nFussi   Recupera<br \/>\nAdme 6<br \/>\nCanedo 8<br \/>\nMansilla Dulcic  Recupera<br \/>\nStachiotti 6<br \/>\nMoreno Recupera<br \/>\nRodriguez Recupera<br \/>\nSecci 9<br \/>\nPaulini 9<br \/>\nBeckley Recupera<br \/>\nRuiz 7<br \/>\nBertolotti 7<br \/>\nCafferata Ausente sin aviso \/ No puede recuperar<br \/>\nFerrando 9<br \/>\nParatore Recupera<br \/>\nBarbieri 9<br \/>\nCarricart Recupera<br \/>\nCarlino 9<br \/>\nTurina 8<br \/>\nChamorro Recupera<br \/>\nRamirez 9<br \/>\nVega 9<br \/>\nEsquetino Ausente sin aviso \/ No puede recuperar<br \/>\nGarc\u00eda 8<br \/>\nNieto Recupera<br \/>\nCaldelari 6<br \/>\nAntonilli Ausente con aviso \/ Recupera<br \/>\nGonzalez 8<br \/>\nGubinelli Ausente sin aviso \/ No puede recuperar<br \/>\nSchoo Lastra 10<br \/>\nFunes Ausente con aviso \/ Recupera<br \/>\nStip 9<br \/>\nMartin Recupera<br \/>\nBanaudi 9<br \/>\nBaldass\u00edn 7<br \/>\nGamborena Ausente con aviso \/ Recupera<br \/>\nRavaioli Ausente con aviso \/ Recupera<br \/>\nRosetti Recupera<br \/>\nSoto Recupera<\/p>\n","protected":false},"excerpt":{"rendered":"<p>Publico a continuaci\u00f3n las notas del primer parcial de Redacci\u00f3n de los alumnos de la comision 1. Debido a que la Facultad permanecer\u00e1 cerrada para evitar la propagaci\u00f3n del virus de la gripe A, el Recuperatorio se realizar\u00e1 el jueves 13 de agosto a las 8 horas en el aula 101. Para los que aprobaron: [&hellip;]<\/p>\n","protected":false},"author":40,"featured_media":0,"comment_status":"open","ping_status":"closed","sticky":false,"template":"","format":"standard","meta":{"footnotes":""},"categories":[2],"tags":[],"_links":{"self":[{"href":"https:\/\/redaccion1.fcpolit.unr.edu.ar\/comision-arrabal\/wp-json\/wp\/v2\/posts\/407"}],"collection":[{"href":"https:\/\/redaccion1.fcpolit.unr.edu.ar\/comision-arrabal\/wp-json\/wp\/v2\/posts"}],"about":[{"href":"https:\/\/redaccion1.fcpolit.unr.edu.ar\/comision-arrabal\/wp-json\/wp\/v2\/types\/post"}],"author":[{"embeddable":true,"href":"https:\/\/redaccion1.fcpolit.unr.edu.ar\/comision-arrabal\/wp-json\/wp\/v2\/users\/40"}],"replies":[{"embeddable":true,"href":"https:\/\/redaccion1.fcpolit.unr.edu.ar\/comision-arrabal\/wp-json\/wp\/v2\/comments?post=407"}],"version-history":[{"count":0,"href":"https:\/\/redaccion1.fcpolit.unr.edu.ar\/comision-arrabal\/wp-json\/wp\/v2\/posts\/407\/revisions"}],"wp:attachment":[{"href":"https:\/\/redaccion1.fcpolit.unr.edu.ar\/comision-arrabal\/wp-json\/wp\/v2\/media?parent=407"}],"wp:term":[{"taxonomy":"category","embeddable":true,"href":"https:\/\/redaccion1.fcpolit.unr.edu.ar\/comision-arrabal\/wp-json\/wp\/v2\/categories?post=407"},{"taxonomy":"post_tag","embeddable":true,"href":"https:\/\/redaccion1.fcpolit.unr.edu.ar\/comision-arrabal\/wp-json\/wp\/v2\/tags?post=407"}],"curies":[{"name":"wp","href":"https:\/\/api.w.org\/{rel}","templated":true}]}}