{"id":4060,"date":"2023-09-05T01:29:56","date_gmt":"2023-09-05T01:29:56","guid":{"rendered":"https:\/\/blogs.fcpolit.unr.edu.ar\/redaccion1-arrabal\/?p=4060"},"modified":"2023-09-05T01:29:56","modified_gmt":"2023-09-05T01:29:56","slug":"taller-de-lectura-11-entrevista-pregunta-respuesta-2","status":"publish","type":"post","link":"https:\/\/redaccion1.fcpolit.unr.edu.ar\/comision-arrabal\/2023\/09\/05\/taller-de-lectura-11-entrevista-pregunta-respuesta-2\/","title":{"rendered":"Taller de Lectura 11 Entrevista Pregunta-Respuesta"},"content":{"rendered":"<p><a href=\"https:\/\/blogs.fcpolit.unr.edu.ar\/redaccion1-arrabal\/files\/2023\/09\/walsh_rodolfo.jpg\"><img loading=\"lazy\" decoding=\"async\" class=\"size-medium wp-image-4061 alignright\" src=\"https:\/\/blogs.fcpolit.unr.edu.ar\/redaccion1-arrabal\/files\/2023\/09\/walsh_rodolfo-300x226.jpg\" alt=\"\" width=\"300\" height=\"226\" \/><\/a>A partir de la lectura de \u00abRelato de un fusilado\u00bb que est\u00e1 en el\u00a0<a href=\"https:\/\/drive.google.com\/file\/d\/1X_1d3yhMEbEzgludAnn1k1CTS2ghYN52\/view?usp=sharing\">Material de Observaci\u00f3n sobre entrevistas en diversos formatos,\u00a0<\/a>respnder en grupos:<\/p>\n<p>1)De acuerdo a la clasificaci\u00f3n de entrevistas period\u00edsticas que realiza Jorge Halper\u00edn, \u00bfqu\u00e9 tipo de entrevista es \u00abRelato de un fusilado\u00bb. Por qu\u00e9?<\/p>\n<p><!--more--><\/p>\n<p>2) \u00bfCu\u00e1l es el objetivo de esta entrevista?<\/p>\n<p>3) \u00bfCu\u00e1les son las preguntas claves que logran buenas respuestas?<\/p>\n<p>4) \u00bfQu\u00e9 pregunta le hubieran hecho al entrevistado que no est\u00e9 en el texto?<\/p>\n<p><strong>Forma y fecha de presentaci\u00f3n:<\/strong>\u00a0una por grupo en la clase del 4\/9<\/p>\n","protected":false},"excerpt":{"rendered":"<p>A partir de la lectura de \u00abRelato de un fusilado\u00bb que est\u00e1 en el\u00a0Material de Observaci\u00f3n sobre entrevistas en diversos formatos,\u00a0respnder en grupos: 1)De acuerdo a la clasificaci\u00f3n de entrevistas period\u00edsticas que realiza Jorge Halper\u00edn, \u00bfqu\u00e9 tipo de entrevista es \u00abRelato de un fusilado\u00bb. Por qu\u00e9?<\/p>\n","protected":false},"author":15,"featured_media":0,"comment_status":"open","ping_status":"open","sticky":false,"template":"","format":"standard","meta":{"footnotes":""},"categories":[69,73],"tags":[],"_links":{"self":[{"href":"https:\/\/redaccion1.fcpolit.unr.edu.ar\/comision-arrabal\/wp-json\/wp\/v2\/posts\/4060"}],"collection":[{"href":"https:\/\/redaccion1.fcpolit.unr.edu.ar\/comision-arrabal\/wp-json\/wp\/v2\/posts"}],"about":[{"href":"https:\/\/redaccion1.fcpolit.unr.edu.ar\/comision-arrabal\/wp-json\/wp\/v2\/types\/post"}],"author":[{"embeddable":true,"href":"https:\/\/redaccion1.fcpolit.unr.edu.ar\/comision-arrabal\/wp-json\/wp\/v2\/users\/15"}],"replies":[{"embeddable":true,"href":"https:\/\/redaccion1.fcpolit.unr.edu.ar\/comision-arrabal\/wp-json\/wp\/v2\/comments?post=4060"}],"version-history":[{"count":0,"href":"https:\/\/redaccion1.fcpolit.unr.edu.ar\/comision-arrabal\/wp-json\/wp\/v2\/posts\/4060\/revisions"}],"wp:attachment":[{"href":"https:\/\/redaccion1.fcpolit.unr.edu.ar\/comision-arrabal\/wp-json\/wp\/v2\/media?parent=4060"}],"wp:term":[{"taxonomy":"category","embeddable":true,"href":"https:\/\/redaccion1.fcpolit.unr.edu.ar\/comision-arrabal\/wp-json\/wp\/v2\/categories?post=4060"},{"taxonomy":"post_tag","embeddable":true,"href":"https:\/\/redaccion1.fcpolit.unr.edu.ar\/comision-arrabal\/wp-json\/wp\/v2\/tags?post=4060"}],"curies":[{"name":"wp","href":"https:\/\/api.w.org\/{rel}","templated":true}]}}