{"id":3978,"date":"2023-06-12T16:29:18","date_gmt":"2023-06-12T16:29:18","guid":{"rendered":"https:\/\/blogs.fcpolit.unr.edu.ar\/redaccion1-arrabal\/?p=3978"},"modified":"2023-06-12T16:29:18","modified_gmt":"2023-06-12T16:29:18","slug":"clase-7-12-6","status":"publish","type":"post","link":"https:\/\/redaccion1.fcpolit.unr.edu.ar\/comision-arrabal\/2023\/06\/12\/clase-7-12-6\/","title":{"rendered":"Clase 8 12\/6"},"content":{"rendered":"<p><a href=\"https:\/\/blogs.fcpolit.unr.edu.ar\/redaccion1-arrabal\/files\/2023\/06\/20230612_121518.jpg\"><img loading=\"lazy\" decoding=\"async\" class=\"alignleft size-medium wp-image-3982\" src=\"https:\/\/blogs.fcpolit.unr.edu.ar\/redaccion1-arrabal\/files\/2023\/06\/20230612_121518-300x225.jpg\" alt=\"\" width=\"300\" height=\"225\" \/><\/a>En el espacio de &#8220;lecturas por placer&#8221; que desarrollamos al comienzo de cada clase, Jerem\u00edas Aguirre de la Comisi\u00f3n 2 comparti\u00f3 un fragmento de &#8220;La raz\u00f3n de mi vida&#8221;, escrito por Manuel Penella de Silva para Eva Per\u00f3n. En la Comisi\u00f3n 1 hubo muchos ausentes y entre los presentes ninguno trajo nada para leer.<\/p>\n<p>Desarrollamos los conceptos principales de los textos &#8220;La comprensi\u00f3n como proceso&#8221;, de Mabel Marro y Amalia Dellamea, &#8220;La cultura de la convergencia en los medios de comunicaci\u00f3n&#8221;, de Henry Jenkins, &#8220;La producci\u00f3n de la socialidad en el marco de una cultura de la conectividad&#8221;, de Van Dijk y &#8220;El filtro Burbuja: c\u00f3mo la web decide lo que leemos y lo que pensamos&#8221;, de Eli Pariser.<\/p>\n<p><!--more--><\/p>\n<p><a href=\"https:\/\/blogs.fcpolit.unr.edu.ar\/redaccion1-arrabal\/files\/2023\/06\/20230612_094317.jpg\"><img loading=\"lazy\" decoding=\"async\" class=\"alignright size-medium wp-image-3983\" src=\"https:\/\/blogs.fcpolit.unr.edu.ar\/redaccion1-arrabal\/files\/2023\/06\/20230612_094317-300x225.jpg\" alt=\"\" width=\"300\" height=\"225\" \/><\/a>Planteamos la realizaci\u00f3n en grupos del\u00a0<a href=\"https:\/\/blogs.fcpolit.unr.edu.ar\/redaccion1-arrabal\/2023\/06\/09\/taller-de-lectura-7-quien-es-el-lector\/\">Taller de Lectura 7 \u00ab\u00bfQui\u00e9n es el lector?\u00bb.\u00a0<\/a>Despu\u00e9s compartimos oralmente los diversos an\u00e1lisis realizados y finalmente explicamos la consigna del\u00a0<a href=\"https:\/\/blogs.fcpolit.unr.edu.ar\/programa\/2020\/03\/09\/trabajo-practico-2-escribir-para-el-lector\/\">Trabajo Pr\u00e1ctico Intregrador de la Undiad 2 \u00abEscribir para el lector\u00bb.<\/a>\u00a0\u00a0<strong>La fecha de entrega de este Integrador es el 21\/6.<\/strong><\/p>\n<p>Informamos que el lunes 19 no habr\u00e1 clases debido al feriado puente y que los <strong>trabajos atrasados<\/strong> que corresponden a temas de las Unidades 1 y 2 pueden entregarse <strong>hasta el 30 de junio.<\/strong> Luego de esa fecha, no se recibir\u00e1n m\u00e1s.<\/p>\n<p>La pr\u00f3xima clase del 26 de junio comenzaremos con la\u00a0<a href=\"https:\/\/blogs.fcpolit.unr.edu.ar\/programa\/2020\/05\/20\/unidad-3-los-textos-y-sus-significados\/\">Unidad 3 \u00abLos textos y sus significados\u00bb<\/a>,\u00a0a partir de la siguiente bibliograf\u00eda:<\/p>\n<p><a href=\"https:\/\/drive.google.com\/file\/d\/1UWaT7SooYoGCN98uA2ET4LSF-l72kufH\/view\">Texto,\u00a0<\/a>en Diccionario de t\u00e9rminos clave de ELE.<\/p>\n<p><a href=\"https:\/\/drive.google.com\/file\/d\/1Jd8w-bNVu870lT9a7fdEhSyY2u44SA4a\/view?usp=sharing\" target=\"_blank\" rel=\"noopener\">Nociones b\u00e1sicas,<\/a>\u00a0de\u00a0De Beaugrande y Dressler.1<\/p>\n<p><a href=\"https:\/\/docs.google.com\/document\/d\/1drqjlmwxhMx4tgz9QBkjS4FLd2H5s3-k\/edit?usp=sharing&amp;ouid=100413056276159632242&amp;rtpof=true&amp;sd=true\">Coherencia<\/a>,\u00a0en Diccionario de t\u00e9rminos clave de ELE.<\/p>\n<p><a href=\"https:\/\/drive.google.com\/file\/d\/1o19tkW-EDXdmi0L1cU6NMwNzGr2tGmsX\/view?usp=sharing\">La textura discursiva<\/a>, de Calsamiglia y Tus\u00f3n<\/p>\n<p>Todos tienen sus correspondientes <a href=\"https:\/\/blogs.fcpolit.unr.edu.ar\/programa\/2020\/06\/11\/guias-de-lectura-de-la-bibliografia-de-la-unidad-3-primera-parte-texto\/\">Gu\u00edas de Lectura.<\/a><\/p>\n","protected":false},"excerpt":{"rendered":"<p>En el espacio de &#8220;lecturas por placer&#8221; que desarrollamos al comienzo de cada clase, Jerem\u00edas Aguirre de la Comisi\u00f3n 2 comparti\u00f3 un fragmento de &#8220;La raz\u00f3n de mi vida&#8221;, escrito por Manuel Penella de Silva para Eva Per\u00f3n. En la Comisi\u00f3n 1 hubo muchos ausentes y entre los presentes ninguno trajo nada para leer. Desarrollamos [&hellip;]<\/p>\n","protected":false},"author":15,"featured_media":0,"comment_status":"open","ping_status":"open","sticky":false,"template":"","format":"standard","meta":{"footnotes":""},"categories":[69,72],"tags":[],"_links":{"self":[{"href":"https:\/\/redaccion1.fcpolit.unr.edu.ar\/comision-arrabal\/wp-json\/wp\/v2\/posts\/3978"}],"collection":[{"href":"https:\/\/redaccion1.fcpolit.unr.edu.ar\/comision-arrabal\/wp-json\/wp\/v2\/posts"}],"about":[{"href":"https:\/\/redaccion1.fcpolit.unr.edu.ar\/comision-arrabal\/wp-json\/wp\/v2\/types\/post"}],"author":[{"embeddable":true,"href":"https:\/\/redaccion1.fcpolit.unr.edu.ar\/comision-arrabal\/wp-json\/wp\/v2\/users\/15"}],"replies":[{"embeddable":true,"href":"https:\/\/redaccion1.fcpolit.unr.edu.ar\/comision-arrabal\/wp-json\/wp\/v2\/comments?post=3978"}],"version-history":[{"count":0,"href":"https:\/\/redaccion1.fcpolit.unr.edu.ar\/comision-arrabal\/wp-json\/wp\/v2\/posts\/3978\/revisions"}],"wp:attachment":[{"href":"https:\/\/redaccion1.fcpolit.unr.edu.ar\/comision-arrabal\/wp-json\/wp\/v2\/media?parent=3978"}],"wp:term":[{"taxonomy":"category","embeddable":true,"href":"https:\/\/redaccion1.fcpolit.unr.edu.ar\/comision-arrabal\/wp-json\/wp\/v2\/categories?post=3978"},{"taxonomy":"post_tag","embeddable":true,"href":"https:\/\/redaccion1.fcpolit.unr.edu.ar\/comision-arrabal\/wp-json\/wp\/v2\/tags?post=3978"}],"curies":[{"name":"wp","href":"https:\/\/api.w.org\/{rel}","templated":true}]}}