{"id":391,"date":"2009-05-03T20:17:57","date_gmt":"2009-05-03T20:17:57","guid":{"rendered":"http:\/\/fcpolit.unr.edu.ar\/blogs\/redaccion1-arrabal\/2009\/05\/03\/taller-de-lectura-no-5-lid-tapado\/"},"modified":"2009-05-03T20:17:57","modified_gmt":"2009-05-03T20:17:57","slug":"taller-de-lectura-no-5-lid-tapado","status":"publish","type":"post","link":"https:\/\/redaccion1.fcpolit.unr.edu.ar\/comision-arrabal\/2009\/05\/03\/taller-de-lectura-no-5-lid-tapado\/","title":{"rendered":"Taller de Lectura N\u00ba 5 &#8211; &quot;Lid Tapado&quot;"},"content":{"rendered":"<p><img loading=\"lazy\" decoding=\"async\" alt=\"lupa.jpg\" src=\"http:\/\/www.bdp.org.ar\/facultad\/catedras\/comsoc\/redaccion1\/arrabal\/lupa.jpg\" width=\"150\" height=\"153\" align=\"left\" hspace=\"5\" \/> <strong>Actividad: \u201cLid tapado\u201d<\/strong><br \/>\n1) Leer atentamente las tres noticias que se presentan a continuaci\u00f3n.<br \/>\n2) En base a la informaci\u00f3n brindada en el titular y en el cuerpo de la noticia, construir un lid para cada una de ellas. Para resolver m\u00e1s sencillamente el ejercicio, identificar primero los elementos de la noticia (qu\u00e9, qui\u00e9n, cu\u00e1ndo, d\u00f3nde, por qu\u00e9\/para qu\u00e9, c\u00f3mo) y valorar luego qu\u00e9 elementos merecen ser incluidos en el lid.<\/p>\n<p><!--more--><\/p>\n<blockquote><p><strong>R\u00edo Cuarto: asesinan a balazos a un joven en una presunta venganza <\/strong><br \/>\nEl joven baleado, Gast\u00f3n Ib\u00e1\u00f1ez, estaba arreglando una moto frente a su casa ubicada en Ranqueles al 900. Cerca de las 18.35 horas, pas\u00f3 otro chico en bicicleta y le dispar\u00f3 tres balazos a corta distancia: dos de los tiros le dieron en el pecho.<br \/>\nSeg\u00fan se inform\u00f3, el atacante ser\u00eda un vecino con quien la v\u00edctima hab\u00eda tenido una pelea meses atr\u00e1s y los investigadores sospechan que se trat\u00f3 de un ajuste de cuentas.<br \/>\nIba\u00f1ez estaba intentando componer el sistema de cambios de la moto. Estaba subido al rodado maniobr\u00e1ndolo. Ten\u00eda la cabeza gacha cuando fue baleado, aparentemente, con un rev\u00f3lver calibre 32.<br \/>\nEl sospechoso vive a la vuelta de la casa de la v\u00edctima y est\u00e1 pr\u00f3fugo. Fue se\u00f1alado por testigos, y cuando a la polic\u00eda fue a detenerlo a su domicilio y a la arenera donde trabajaba, ya no estaba.<br \/>\nFUENTE: CLARIN.COM<\/p><\/blockquote>\n<blockquote><p>Record Guinness<br \/>\n<strong>Apag\u00f3 151 velas de un solo soplido<\/strong><br \/>\nV. Sankaranarayanan, logr\u00f3 la gesta el pasado mes de enero durante un espect\u00e1culo y hace pocos d\u00edas ha recibido el certificado que lo acredita como el m\u00e1s destacado en la categor\u00eda de extinguir la llama de las velas con una sola exhalaci\u00f3n.<br \/>\nCon su logro, Sankaranarayanan bate al franc\u00e9s David Lamy, quien ostentaba el t\u00edtulo por apagar 117 velas de una vez en 2001.<br \/>\nEl afortunado ha explicado que para conseguir la haza\u00f1a ha realizado numerosos entrenamientos con el objetivo de controlar la respiraci\u00f3n, t\u00e9cnica que aprendi\u00f3 de su profesor de yoga.<br \/>\n&#8220;Es dif\u00edcil incluso apagar 20 velas de un soplido. He hecho ejercicios de respiraci\u00f3n durante al menos seis meses incrementando el n\u00famero de velas que apago paulatinamente&#8221;, agreg\u00f3.<br \/>\nFUENTE: DIARIO EL LITORAL ON LINE<\/p><\/blockquote>\n<blockquote><p><strong>Lifschitz pone en la agenda regional el transporte urbano<\/strong><br \/>\nEl encuentro ser\u00e1 a las 10 en el Palacio de los Leones y, seg\u00fan fuentes gubernamentales, la iniciativa apunta a tratar en conjunto la actualidad del transporte de pasajeros de los municipios de la provincia de Santa Fe, la distribuci\u00f3n de los subsidios nacionales y el impacto sobre los costos de los acuerdos salariales del a\u00f1o 2008.<br \/>\nLa posibilidad de que el pasaje de colectivo sufra un incremento en Rosario fue admitida la semana pasada por el secretario de Servicios P\u00fablicos, Gustavo Leone, quien asegur\u00f3 que &#8220;la tarifa de 1,40 es muy justa y acotada&#8221;. Adem\u00e1s, consider\u00f3 que &#8220;los costos han variado por encima&#8221; de ese n\u00famero por el aumento de salarios y adelant\u00f3 que &#8220;se est\u00e1n realizando evaluaciones&#8221; al respecto.<br \/>\nPor su parte, Rub\u00e9n Rodr\u00edguez, de la empresa Las Delicias, pidi\u00f3 a fines de abril que el valor de la tarifa aumente a 1,60 o que se modifique el esquema de franquicias.<br \/>\nhttp:\/\/www.rosario3.com\/noticias\/noticias.aspx?idNot=30463<\/p><\/blockquote>\n<\/blockquote>\n<p>Notas &#8211; Comisi\u00f3n 1<br \/>\nMansilla Dulcic, Mar\u00eda Laura      7 (siete)<br \/>\nMartin, Katia             9 (nueve)<br \/>\nMoreno, Florencia      Rehacer<br \/>\nNieto, Marina             Rehacer<br \/>\nParatore, Cecilia        Rehacer<br \/>\nPaulini, Violeta          Rehacer<br \/>\nRamirez, Candela       Rehacer<br \/>\nRavaioli, Virginia         Rehacer<br \/>\nRodriguez, Anabela     9 (nueve)<br \/>\nRosetti, Federico         8 (ocho)<br \/>\nRuiz, Sabrina              Rehacer<br \/>\nSchoo Lastra Sof\u00eda\t  7 (siete)<br \/>\nSecci, Pedro               Rehacer<br \/>\nSoto, Mariana              8 (ocho)<br \/>\nStachiotti, Eugenia       No Present\u00f3<br \/>\nStip, Nadia                   Rehacer<br \/>\nTurina, Paula                Rehacer<br \/>\nVega, Romina               Rehacer<\/p><\/blockquote>\n","protected":false},"excerpt":{"rendered":"<p>Actividad: \u201cLid tapado\u201d 1) Leer atentamente las tres noticias que se presentan a continuaci\u00f3n. 2) En base a la informaci\u00f3n brindada en el titular y en el cuerpo de la noticia, construir un lid para cada una de ellas. Para resolver m\u00e1s sencillamente el ejercicio, identificar primero los elementos de la noticia (qu\u00e9, qui\u00e9n, cu\u00e1ndo, [&hellip;]<\/p>\n","protected":false},"author":1,"featured_media":0,"comment_status":"open","ping_status":"closed","sticky":false,"template":"","format":"standard","meta":{"footnotes":""},"categories":[5],"tags":[],"_links":{"self":[{"href":"https:\/\/redaccion1.fcpolit.unr.edu.ar\/comision-arrabal\/wp-json\/wp\/v2\/posts\/391"}],"collection":[{"href":"https:\/\/redaccion1.fcpolit.unr.edu.ar\/comision-arrabal\/wp-json\/wp\/v2\/posts"}],"about":[{"href":"https:\/\/redaccion1.fcpolit.unr.edu.ar\/comision-arrabal\/wp-json\/wp\/v2\/types\/post"}],"author":[{"embeddable":true,"href":"https:\/\/redaccion1.fcpolit.unr.edu.ar\/comision-arrabal\/wp-json\/wp\/v2\/users\/1"}],"replies":[{"embeddable":true,"href":"https:\/\/redaccion1.fcpolit.unr.edu.ar\/comision-arrabal\/wp-json\/wp\/v2\/comments?post=391"}],"version-history":[{"count":0,"href":"https:\/\/redaccion1.fcpolit.unr.edu.ar\/comision-arrabal\/wp-json\/wp\/v2\/posts\/391\/revisions"}],"wp:attachment":[{"href":"https:\/\/redaccion1.fcpolit.unr.edu.ar\/comision-arrabal\/wp-json\/wp\/v2\/media?parent=391"}],"wp:term":[{"taxonomy":"category","embeddable":true,"href":"https:\/\/redaccion1.fcpolit.unr.edu.ar\/comision-arrabal\/wp-json\/wp\/v2\/categories?post=391"},{"taxonomy":"post_tag","embeddable":true,"href":"https:\/\/redaccion1.fcpolit.unr.edu.ar\/comision-arrabal\/wp-json\/wp\/v2\/tags?post=391"}],"curies":[{"name":"wp","href":"https:\/\/api.w.org\/{rel}","templated":true}]}}