{"id":389,"date":"2009-04-23T16:04:31","date_gmt":"2009-04-23T16:04:31","guid":{"rendered":"http:\/\/fcpolit.unr.edu.ar\/blogs\/redaccion1-arrabal\/2009\/04\/23\/por-fin-empezamos-comision-8\/"},"modified":"2009-04-23T16:04:31","modified_gmt":"2009-04-23T16:04:31","slug":"por-fin-empezamos-comision-8","status":"publish","type":"post","link":"https:\/\/redaccion1.fcpolit.unr.edu.ar\/comision-arrabal\/2009\/04\/23\/por-fin-empezamos-comision-8\/","title":{"rendered":"\u00a1\u00a1Por fin empezamos comisi\u00f3n 8!!"},"content":{"rendered":"<p><img decoding=\"async\" alt=\"ventana.jpg\" src=\"http:\/\/www.bdp.org.ar\/facultad\/catedras\/comsoc\/redaccion1\/arrabal\/ventana.jpg\" width=\"121\" \/><br \/>\nDespu\u00e9s de varios jueves sin poder empezar la materia, hoy por fin comenzamos las clases de Redacci\u00f3n con la comisi\u00f3n 8. Comprtiremos este espacio del weblog con la comisi\u00f3n 1 donde encontrar\u00e1n las consignas de los trabajos, comunicaciones, comentarios, etc. Espero que sea un buen a\u00f1o para todos y que nuestro taller de redacci\u00f3n constituya, m\u00e1s all\u00e1 de una asignatura, una experiencia de crecimiento.<br \/>\nA continuaci\u00f3n publico lo que deben hacer para la semana pr\u00f3xima.<\/p>\n<p><!--more--><br \/>\n-Publicar en la secci\u00f3n Comentarios del post <a href=\"http:\/\/www.bdp.org.ar\/facultad\/catedras\/comsoc\/redaccion1\/arrabal\/2009\/03\/bienvenidos_1.php\">&#8220;Bienvenidos&#8221;<\/a> una presentaci\u00f3n personal.<br \/>\n-Leer los siguientes textos:<br \/>\nBase Uno: <a href=\"http:\/\/www.bdp.org.ar\/facultad\/catedras\/comsoc\/redaccion1\/unidades\/2003\/03\/dimension_compleja_de_la_escri.php\">Dimensi\u00f3n compleja de la escitura<\/a><br \/>\nFuente:<a href=\"http:\/\/www.bdp.org.ar\/facultad\/catedras\/comsoc\/redaccion1\/unidades\/2003\/03\/la_escritura_actividad_complej.php\">La escritura, actividad compleja<\/a><br \/>\nFuente: <a href=\"http:\/\/www.bdp.org.ar\/facultad\/catedras\/comsoc\/redaccion1\/unidades\/2003\/03\/no_todos_comprendemos_lo_mismo.php\">No todos comprendemos lo mismo<\/a><br \/>\nDos: <a href=\"http:\/\/www.bdp.org.ar\/facultad\/catedras\/comsoc\/redaccion1\/unidades\/2003\/04\/aprendizajes_espontaneo_y_comp.php\">Aprendizajes espont\u00e1neo y comprometido<\/a><br \/>\nFuente: <a href=\"http:\/\/www.bdp.org.ar\/facultad\/catedras\/comsoc\/redaccion1\/unidades\/2003\/04\/diferencias_entre_oralidad_y_e.php\">Diferencias entre oralidad y escritura<\/a><br \/>\nFuente: <a href=\"http:\/\/www.bdp.org.ar\/facultad\/catedras\/comsoc\/redaccion1\/unidades\/2003\/04\/leer_mucho_y_leer_bien.php\">Leer mucho y leer bien<\/a><br \/>\nFuente: <a href=\"http:\/\/www.bdp.org.ar\/facultad\/catedras\/comsoc\/redaccion1\/unidades\/2003\/04\/leer_como_un_escritor.php\">Leer como un escritor<\/a><br \/>\nFuente: <a href=\"http:\/\/www.bdp.org.ar\/facultad\/catedras\/comsoc\/redaccion1\/unidades\/2003\/04\/prosas_de_escritor_y_de_lector.php\">Prosas de escritor y de lector<\/a><br \/>\nTres: <a href=\"http:\/\/www.bdp.org.ar\/facultad\/catedras\/comsoc\/redaccion1\/unidades\/2003\/04\/la_escritura_como_proceso_cogn.php\">La escritura como proceso cognitivo y comunicativo<\/a><br \/>\nFuente: <a href=\"http:\/\/www.bdp.org.ar\/facultad\/catedras\/comsoc\/redaccion1\/unidades\/2003\/04\/el_oficio_de_escribir.php\">El oficio de escrbir<\/a><br \/>\nFuente: <a href=\"http:\/\/www.bdp.org.ar\/facultad\/catedras\/comsoc\/redaccion1\/unidades\/2003\/04\/funcion_social_de_la_lengua_es.php\">Funci\u00f3n social de la lengua escrita<\/a><br \/>\n-Leer noticias (de cualquier diario o portal de internet)<br \/>\n-Realizar el trabajo pr\u00e1ctico n\u00famero uno <a href=\"http:\/\/www.bdp.org.ar\/facultad\/catedras\/comsoc\/redaccion1\/unidades\/2008\/03\/musas.php\">&#8220;Musas&#8221;<\/a><br \/>\n-Realizar el taller de lectura <a href=\"http:\/\/www.bdp.org.ar\/facultad\/catedras\/comsoc\/redaccion1\/unidades\/2008\/03\/escribir_como_oficio.php\">&#8220;Escribir como oficio&#8221;<\/a><br \/>\nPueden leer las opiniones de sus compa\u00f1eros de la <a href=\"http:\/\/www.bdp.org.ar\/facultad\/catedras\/comsoc\/redaccion1\/arrabal\/2009\/04\/la_comision_1_piensa_que_1.php#more\">comisi\u00f3n uno.<\/a><br \/>\n<strong>Fecha de entrega:<\/strong> 30 de abril en clase<\/p>\n","protected":false},"excerpt":{"rendered":"<p>Despu\u00e9s de varios jueves sin poder empezar la materia, hoy por fin comenzamos las clases de Redacci\u00f3n con la comisi\u00f3n 8. Comprtiremos este espacio del weblog con la comisi\u00f3n 1 donde encontrar\u00e1n las consignas de los trabajos, comunicaciones, comentarios, etc. Espero que sea un buen a\u00f1o para todos y que nuestro taller de redacci\u00f3n constituya, [&hellip;]<\/p>\n","protected":false},"author":40,"featured_media":0,"comment_status":"open","ping_status":"closed","sticky":false,"template":"","format":"standard","meta":{"footnotes":""},"categories":[2],"tags":[],"_links":{"self":[{"href":"https:\/\/redaccion1.fcpolit.unr.edu.ar\/comision-arrabal\/wp-json\/wp\/v2\/posts\/389"}],"collection":[{"href":"https:\/\/redaccion1.fcpolit.unr.edu.ar\/comision-arrabal\/wp-json\/wp\/v2\/posts"}],"about":[{"href":"https:\/\/redaccion1.fcpolit.unr.edu.ar\/comision-arrabal\/wp-json\/wp\/v2\/types\/post"}],"author":[{"embeddable":true,"href":"https:\/\/redaccion1.fcpolit.unr.edu.ar\/comision-arrabal\/wp-json\/wp\/v2\/users\/40"}],"replies":[{"embeddable":true,"href":"https:\/\/redaccion1.fcpolit.unr.edu.ar\/comision-arrabal\/wp-json\/wp\/v2\/comments?post=389"}],"version-history":[{"count":0,"href":"https:\/\/redaccion1.fcpolit.unr.edu.ar\/comision-arrabal\/wp-json\/wp\/v2\/posts\/389\/revisions"}],"wp:attachment":[{"href":"https:\/\/redaccion1.fcpolit.unr.edu.ar\/comision-arrabal\/wp-json\/wp\/v2\/media?parent=389"}],"wp:term":[{"taxonomy":"category","embeddable":true,"href":"https:\/\/redaccion1.fcpolit.unr.edu.ar\/comision-arrabal\/wp-json\/wp\/v2\/categories?post=389"},{"taxonomy":"post_tag","embeddable":true,"href":"https:\/\/redaccion1.fcpolit.unr.edu.ar\/comision-arrabal\/wp-json\/wp\/v2\/tags?post=389"}],"curies":[{"name":"wp","href":"https:\/\/api.w.org\/{rel}","templated":true}]}}