{"id":356,"date":"2008-09-25T17:24:45","date_gmt":"2008-09-25T17:24:45","guid":{"rendered":"http:\/\/fcpolit.unr.edu.ar\/blogs\/redaccion1-arrabal\/2008\/09\/25\/como-viajar-en-colectivo-en-hora-pico-y-vivirlo-tranquilo\/"},"modified":"2008-09-25T17:24:45","modified_gmt":"2008-09-25T17:24:45","slug":"como-viajar-en-colectivo-en-hora-pico-y-vivirlo-tranquilo","status":"publish","type":"post","link":"https:\/\/redaccion1.fcpolit.unr.edu.ar\/comision-arrabal\/2008\/09\/25\/como-viajar-en-colectivo-en-hora-pico-y-vivirlo-tranquilo\/","title":{"rendered":"C\u00f3mo viajar en colectivo en hora pico y vivirlo tranquilo"},"content":{"rendered":"<p><strong>Por Juli\u00e1n Galassi<\/strong><br \/>\nTomarse un colectivo en muchas ocasiones suele ser una experiencia relativamente agradable. Pero en otras oportunidades vemos eclipsado nuestro viaje por diferentes factores que nos alteran el temperamento. Esta alteraci\u00f3n suele darse normalmente en las horas pico donde, obviamente, el transporte se colma de pasajeros (con lo que eso trae aparejado). He aqu\u00ed una serie de concejos para que el viaje en transporte p\u00fablico sea m\u00e1s placentero. A\u00fan en situaciones extremas.<\/p>\n<p><!--more--><br \/>\nEn primer lugar nunca est\u00e1 de m\u00e1s tener consigo diferentes teor\u00edas y pr\u00e1cticas de budismo u otras doctrinas autoconductistas para sobrellevar mejor los concejos ya que la mayor\u00eda  nesecitar\u00e1 alto grado de autodisciplina y mucha paciencia tambi\u00e9n.<br \/>\nEn el ascenso podemos encontrar asiento en raras ocasiones. En caso de que s\u00ed, disfrute el breve rrato porque el colectivo se llenar\u00e1 en poco tiempo. Cuando de llene, usted puede sentarse y disfrutar del confortable respaldar que ofrece esta poltrona por un rato o, como buen ciudadano, cederle el lugar a un anciano, discapacitado, embarazada u otra persona que lo necesite m\u00e1s que usted.<br \/>\nCabe decir que en ocasiones veremos a personas cuyo sentido de la solidaridad  es nulo y en su mini planeta de egocentr\u00eda, hace ojos ciegos ante cualquier tentativa de perder su asiento a manos de un ciudadano \u201cimproductivo\u201d. Deberemos contener el odio de manera cristiana. Podemos desearle lo peor al muy s\u00e1trapa para sentirnos mejor.<br \/>\nPuede ser adem\u00e1s que en determinados trayectos, el bondi deba atravesar un paso a nivel. No suele pasar siempre, pero pasa. Si el tren se toma unos minutos para cortar el tr\u00e1nsito volvemos a llamar a la santa paciencia para que nos saque del mal rato, y si se cuenta con acceso a m\u00fasica, acuda a ella r\u00e1pidamente. Si utiliza este calmante de v\u00eda auditiva aseg\u00farese de que no sea m\u00fasica \u201cpesada\u201d como se le dice al metal, punk,  etc..<br \/>\nEn los peores casos el tren se toma unos minutos tratando de encarrilar el tren. Esos minutos parecer\u00e1n horas, pero si retira la concetraci\u00f3n de lo que sucede en las v\u00edas, el martirio pasar\u00e1 r\u00e1pidamente. Sin embargo hay algo peor que un tren obstruy\u00e9ndole el camino: otro tren. Se tiene conocimiento de gente que se ha tomado colectivos que pasan su recorrido por distintos pasos a nivel en un mismo trayecto, y que han tenido la desgracia de que el desagradable corte moment\u00e1neo de la calle se duplica debido a la continuidad de los cortes de manera simult\u00e1nea y casi sincr\u00f3nica a lo largo del recorrido.<br \/>\nA los ya sumados problemas, debemos agregarle un drama colectivesco contempor\u00e1neo que se ha dado con los avances en tecnolog\u00eda. Es sabido que el celular cuenta con m\u00faltiples funciones y entre ellas est\u00e1 la posibilidad de escuchar m\u00fasica. Si bien no est\u00e1 mal que los chicos de hoy se den el lujo de pasear con los auriculares puestos deleitando sus o\u00eddos con cualquier clase de m\u00fasica, me parece extremadamente irritante que esa m\u00fasica sea reproducida por los altoparlantes del celular y m\u00e1s a\u00fan bajo el contexto ya descripto. En primer lugar porque la mayor\u00eda de las veces nos resulta desagradable el ruido que sale de los aparatos (modestia aparte: desde reggaeton, cumbia y cuarteto, hasta el metal m\u00e1s pesado). Recuerde que debe superarlo con paciencia.<br \/>\nEn segundo lugar, porque a nadie en el colectivo le interesa un bledo lo que piense, sienta, vea o escuche el otro. Lo \u00fanico que nos interesa es llegar a casa tranquilos sin importarnos otra cosa que nuestro bienestar.<br \/>\nEse es el problema. La falta de roce, de intriga, de respeto, de cari\u00f1o con el pr\u00f3jimo desaparece en muchos aspectos dentro de un colectivo lleno. Estamos tan metidos en lo que nos molesta a nosotros que no nos importan los dem\u00e1s y entonces echamos le\u00f1a al fuego. Un transporte p\u00fablico rebosando de gente es la imagen de la metr\u00f3polis y en las metr\u00f3polis no somos de pensar mucho en las dem\u00e1s.<br \/>\n\u00daltimo y m\u00e1s efectivo concejo: si piensa en lo que le molesta al resto de la gente que viaja igual de apretado que usted y trata de tomarlo como si le molestase a usted tambi\u00e9n, va a viajar mucho mejor y probablemente el resto de los pasajeros.<br \/>\n<strong>Este texto pertenece al trabajo pr\u00e1ctico &#8220;Algo de lo que sab\u00e9s hacer&#8221;<\/strong><\/p>\n","protected":false},"excerpt":{"rendered":"<p>Por Juli\u00e1n Galassi Tomarse un colectivo en muchas ocasiones suele ser una experiencia relativamente agradable. Pero en otras oportunidades vemos eclipsado nuestro viaje por diferentes factores que nos alteran el temperamento. Esta alteraci\u00f3n suele darse normalmente en las horas pico donde, obviamente, el transporte se colma de pasajeros (con lo que eso trae aparejado). He [&hellip;]<\/p>\n","protected":false},"author":40,"featured_media":0,"comment_status":"open","ping_status":"closed","sticky":false,"template":"","format":"standard","meta":{"footnotes":""},"categories":[3],"tags":[],"_links":{"self":[{"href":"https:\/\/redaccion1.fcpolit.unr.edu.ar\/comision-arrabal\/wp-json\/wp\/v2\/posts\/356"}],"collection":[{"href":"https:\/\/redaccion1.fcpolit.unr.edu.ar\/comision-arrabal\/wp-json\/wp\/v2\/posts"}],"about":[{"href":"https:\/\/redaccion1.fcpolit.unr.edu.ar\/comision-arrabal\/wp-json\/wp\/v2\/types\/post"}],"author":[{"embeddable":true,"href":"https:\/\/redaccion1.fcpolit.unr.edu.ar\/comision-arrabal\/wp-json\/wp\/v2\/users\/40"}],"replies":[{"embeddable":true,"href":"https:\/\/redaccion1.fcpolit.unr.edu.ar\/comision-arrabal\/wp-json\/wp\/v2\/comments?post=356"}],"version-history":[{"count":0,"href":"https:\/\/redaccion1.fcpolit.unr.edu.ar\/comision-arrabal\/wp-json\/wp\/v2\/posts\/356\/revisions"}],"wp:attachment":[{"href":"https:\/\/redaccion1.fcpolit.unr.edu.ar\/comision-arrabal\/wp-json\/wp\/v2\/media?parent=356"}],"wp:term":[{"taxonomy":"category","embeddable":true,"href":"https:\/\/redaccion1.fcpolit.unr.edu.ar\/comision-arrabal\/wp-json\/wp\/v2\/categories?post=356"},{"taxonomy":"post_tag","embeddable":true,"href":"https:\/\/redaccion1.fcpolit.unr.edu.ar\/comision-arrabal\/wp-json\/wp\/v2\/tags?post=356"}],"curies":[{"name":"wp","href":"https:\/\/api.w.org\/{rel}","templated":true}]}}