{"id":334,"date":"2008-09-05T11:11:02","date_gmt":"2008-09-05T11:11:02","guid":{"rendered":"http:\/\/fcpolit.unr.edu.ar\/blogs\/redaccion1-arrabal\/2008\/09\/05\/el-oficio-de-trabajar-con-el-corazon-2\/"},"modified":"2008-09-05T11:11:02","modified_gmt":"2008-09-05T11:11:02","slug":"el-oficio-de-trabajar-con-el-corazon-2","status":"publish","type":"post","link":"https:\/\/redaccion1.fcpolit.unr.edu.ar\/comision-arrabal\/2008\/09\/05\/el-oficio-de-trabajar-con-el-corazon-2\/","title":{"rendered":"El oficio de trabajar con el coraz\u00f3n"},"content":{"rendered":"<p><strong>Por Jerem\u00edas Walter <\/strong><br \/>\nAndrea Solari es la psic\u00f3loga de GIEMI (Grupo de Investigaci\u00f3n en Enfermedades Moleculares e Inmunol\u00f3gicas), un grupo de profesionales que se desenvuelven dentro de la Psiconeuroinmunocrinolog\u00eda (PNIE), parte de la medicina que se encarga de estudiar los cuatro sistemas de control del organismo: el psicol\u00f3gico, el neurol\u00f3gico, el inmunol\u00f3gico y el endocrinol\u00f3gico.<\/p>\n<p><!--more--><br \/>\nEn este reportaje nos cuenta todo sobre su trabajo y sobre el tratamiento de pacientes con enfermedades autoinmunes. Y adem\u00e1s, tambi\u00e9n hubo tiempo para hablar sobre la situaci\u00f3n de los pacientes durante crisis c\u00f3mo la \u00faltima y el lugar que ocupan los medios en esta situaci\u00f3n. Todo desde el punto de vista de una profesional que, mejor que nadie, puede acercarnos al mundo de las personas corrientes, de los que caminan por la calle, de la enorme multitud an\u00f3nima.<br \/>\n<strong>\u00bfDe que se trata tu trabajo dentro de la Psiconeuroinmunoendocrinolog\u00eda?<\/strong><br \/>\nBueno, yo soy psic\u00f3loga, trabajo con un grupo de m\u00e9dicos: inmun\u00f3logos e infect\u00f3logos, todos trabajamos en equipo y mi parte es la psicol\u00f3gica, valga la redundancia. Mi trabajo consiste en, despu\u00e9s que hay un diagn\u00f3stico y un tratamiento, ayudar a los pacientes a afrontar su enfermedad, a nombrar su enfermedad y a dar cuenta de lo que es una enfermedad cr\u00f3nica como es el tipo de los auto inmunes.<br \/>\n<strong>\u00bfEl tratamiento que vos le das a estos pacientes es especial? \u00bfSe diferencia de los dem\u00e1s pacientes?<br \/>\n<\/strong><br \/>\nNo, a los pacientes los trato por igual. No tiene que ver el que tengan una patolog\u00eda especial. Ac\u00e1 se trata de una persona enferma que padece como cualquier otra.<br \/>\n<strong>Pero al saber que de por vida vas a convivir con una enfermedad\u2026<\/strong><br \/>\nSi, pero el hecho de que tenga tal enfermedad, no lo distingue de otros que sufren, los seres humanos sufrimos todos de igual manera.<br \/>\n<strong>Bueno, lo esencial de la PNIE es que todos los sistemas influyen el uno sobre el otro. Por dar un ejemplo, un problema hormonal influye en lo psicol\u00f3gico. <\/strong><br \/>\nBueno hay muchos estudios. Pero, por lo menos en el grupo de trabajo que formo, no los consideramos sistemas, porque eso parecer\u00eda como que estuvieran separados. Nosotros tratamos a los seres humanos de manera integral, cuando hay un paciente con una enfermedad, est\u00e1 todo afectado.<br \/>\n<strong>Eso implica que por ejemplo si tengo estr\u00e9s, me va a traer problemas del tipo hormonal.<\/strong><br \/>\nHay estudios que determinan que el estr\u00e9s hace una disminuci\u00f3n de la serotonina por lo cuanto hay tambi\u00e9n \u00edndices de depresi\u00f3n, est\u00e1 estudiado y estad\u00edsticamente comprobado. Pero como seres humanos que somos, somos \u00fanicos y singulares y el sistema hormonal por ejemplo, puede incidir en una persona de una manera y la otra de otra manera. Por eso es que es tan espec\u00edfico este trabajo.<br \/>\n<strong>Todos casos aparte\u2026<\/strong><br \/>\nTodos casos singulares, y esto es lo bueno de trabajar as\u00ed. Porque primero, lo llamativo es que nunca vas a tener una rutina de trabajo, ni como m\u00e9dico, ni como psic\u00f3logo, porque rescatando la singularidad del paciente es m\u00e1s atractivo as\u00ed trabajar. Porque en este tipo de enfermedades depende de los medios, si trabaja, si no trabaja, si es mujer, si es hombre, la edad. Entonces todo es a tener en cuenta\u2026<br \/>\n<strong>\u00bfTodos los casos sorprenden de alg\u00fan modo?<\/strong><br \/>\nTodos, todos sorprenden, y esto es lo bueno, este tipo de medicina que rescata la singularidad, por eso trabajamos todos en equipo.<br \/>\n<strong>\u00bfC\u00f3mo est\u00e1 formado este equipo?<\/strong><br \/>\nEn este equipo trabajan, entre otros, el Dr. Guillermo Baez, inmun\u00f3logo, el Doctor Javier Grande, que es el infect\u00f3logo. Baez es tambi\u00e9n docente de la Facultad, y coordinador de nuestro grupo de Trabajo que es el GIEMI<br \/>\n<strong>\u00bfCu\u00e1nto hace que est\u00e1 conformado? \u00bfC\u00f3mo surge?<\/strong><br \/>\nY el grupo tiene varios a\u00f1os, yo con ellos me incorpor\u00e9 el a\u00f1o pasado. El Doctor Guillermo Baez decidi\u00f3 formar este grupo, formando gente tambi\u00e9n. Es una iniciativa privada.<br \/>\n<strong>Es muy interesante como se unen los distintos profesionales para trabajar.<br \/>\n<\/strong><br \/>\nEs que estas enfermedades si no las trabajas en equipo, no se pueden trabajar.<br \/>\n<strong>\u00bfLos pacientes c\u00f3mo llegan a ustedes, por obra social?\u2026<\/strong><br \/>\nPueden llegar por obra social o de manera particular. Hay que tener en cuenta que cuando llegan al inmun\u00f3logo, lamentablemente, han hecho un recorrido m\u00e9dico\u2026 pero por a\u00f1os, hay gente que ha ido desde al m\u00e9dico cl\u00ednico, al cardi\u00f3logo \u2013 porque depende de la enfermedad \u2013 entonces han recorrido todos los especialistas, todo\u2026<br \/>\n<strong>Curanderos\u2026<\/strong><br \/>\nCuranderos, Padre Ignacio, metaf\u00edsica, lo que se te ocurra de quienes puedan trabajar con este tipo de enfermedades, esta gente la conoce\u2026<br \/>\n<strong>\u00bfTiene el grupo en conocimiento p\u00fablico necesario como para que la gente pueda llegar?<\/strong><br \/>\nEl grupo ha salido en varios reportajes, hace poco en La Capital. Como grupo no hemos viajado, pero el director, que es Baez, est\u00e1 siempre invitado a congresos, hace poco estuvo en M\u00e9xico presentando una de las investigaciones sobre artritis reumatoidea.<br \/>\n<strong>\u00bfC\u00f3mo es el trabajo dentro del grupo?<\/strong><br \/>\nLo que hay que destacar de este grupo es, primero, el respeto que existe entre los profesionales, y despu\u00e9s, la singularidad del paciente, eso es fundamental.<br \/>\nEl trabajo es multidiciplinario, todos tienen la misma meta que es mejorar la calidad de vida del paciente. No es f\u00e1cil encontrar gente con tantas ganas de  trabajar juntos para poder llegar a alg\u00fan lado. Adem\u00e1s lo nuestro es ad honorem.<br \/>\n<strong>\u00bfC\u00f3mo es eso?<\/strong><br \/>\nClaro, nosotros no cobramos por trabajar en el grupo, ni tenemos ninguna entidad, el Estado no nos paga, ni las investigaciones son pagadas por nadie, excepto que se pueda conseguir alg\u00fan subsidio. Todo el tiempo estamos investigando.<br \/>\n<strong>\u00bfLos tratamientos son costosos?<\/strong><br \/>\nAc\u00e1 cuando vos trabajas con este tipo de pacientes, rog\u00e1 que tengan obra social. Porque los an\u00e1lisis para hacer este tipo de especificaciones son car\u00edsimos, y si no ten\u00e9s obra social, los medicamentos\u2026 te enferm\u00e1s en este pa\u00eds, y es terrible.<br \/>\n<strong>Hay que tener una salud de fierro\u2026<\/strong><br \/>\nO tener plata. Pero no es s\u00f3lo en ente pa\u00eds, la salud a nivel mundial es algo comprometido. Pero en este pa\u00eds\u2026 Baez, pongo las manos en el fuego, si no ten\u00e9s plata para atenderte, te va a atender igual\u2026<br \/>\n<strong>El oficio\u2026<\/strong><br \/>\nEs que nosotros trabajamos as\u00ed. Mucha gente no tiene para pagarme a mi, \u00bfy qu\u00e9 le voy a decir: \u201cno a vos no te atiendo\u201d? No, esto es trabajar con el coraz\u00f3n.<br \/>\n<strong>Bueno, cambiando de tema, tambi\u00e9n trabajas con pacientes \u201cde consultorio\u201d no se como denominarlos\u2026<br \/>\n<\/strong><br \/>\nPero lo que pasa es que no hay, uno como profesional, sobretodo en mi rama, tiene que darse cuenta que no hay un paciente con una enfermedad autoinmune, o un paciente con sida o\u2026<br \/>\n<strong>Un paciente con complejo de Edipo\u2026<\/strong><br \/>\nBueno si el tuyo es un complejo de Edipo\u2026 (Risas)<br \/>\n<strong>A lo que iba, con este problema denominado \u201cGobierno versus campo\u201d, \u00bfaumentaron las visitas, los pacientes preocupados, estresados?<\/strong><br \/>\nDesde el consultorio si se ve que afecta mucho el medio, el ser humano que es afectado constantemente por la realidad. Igual no aumentaron mucho las visitas, porque generalmente la gente, a no ser que sea una crisis muy grave como la del 2001, con estas situaciones no dispone de mucho dinero, y la gente lo primero que deja es el psic\u00f3logo y a lo \u00faltimo que va es al psic\u00f3logo. Porque cree que es un art\u00edculo de lujo, todav\u00eda no est\u00e1 incorporado en nuestra sociedad que el psic\u00f3logo es alguien a quien uno necesita visitar de vez en cuando\u2026<br \/>\n<strong>Es la salud mental\u2026<\/strong><br \/>\n\u00a1Es la salud! No es la salud mental o no, es salud, es calidad de vida.<br \/>\nPero bueno, a todos nos afect\u00f3 la crisis, lo que pasa que esta es menor, y porque fue sobretodo una cuesti\u00f3n imaginaria porque fueron dos lugares donde los del medio, que somos los giles como nosotros, nos vimos realmente afectados. Pero no es que fuimos afectados en esta crisis, nosotros ya ven\u00edamos afectados, lo que se hizo con esta crisis, como en todas, es registrar una realidad, porque la inflaci\u00f3n estaba alt\u00edsima, nadie manten\u00eda los precios\u2026 Que era lo que nadie dec\u00eda, pero que los giles como nosotros que somos los que vamos, compramos y estamos en la calle, sab\u00edamos.<br \/>\nLo bueno es que hay que reconocer que la gente se inform\u00f3 m\u00e1s, est\u00e1 m\u00e1s al tanto. De todas estas crisis sac\u00e1s buenas cosas\u2026<br \/>\n<strong>A que precio\u2026<\/strong><br \/>\nAl precio que tenemos que pagar los argentinos por no madurar. Porque ac\u00e1 nadie hace lo que tiene que hacer. No es s\u00f3lo el gobierno, todos somos.<br \/>\n<strong>\u00bfPero esta crisis fue especial tomada desde los medios, influyeron mucho?<\/strong><br \/>\nEl medio lo fabric\u00f3. Los medios, el gobierno, que son los due\u00f1os de los medios, y la contra del gobierno que tambi\u00e9n son due\u00f1os de otros medios\u2026 Pero estuvo bueno porque la gente se inform\u00f3, la gente se empez\u00f3 a enterar de estas cuestiones que no sab\u00eda.<br \/>\n<strong>\u00bfSe not\u00f3 manipulaci\u00f3n por parte de los medios?<\/strong><br \/>\nSi, pero la gente com\u00fan no se enganch\u00f3 esta vez, excepto el primer cacerolazo que hubo, pero la gente com\u00fan fue la que iba a comprar el aceite y no hab\u00eda\u2026<br \/>\n<strong>Y al vislumbrarse una salida a la crisis, \u00bfla gente queda a\u00fan de alg\u00fan modo sentida?<\/strong><br \/>\nLa gente, como dije al principio, es la que viaja en colectivo, es la que va al supermercado y s\u00f3lo se puede llevar dos aceites\u2026 no, la gente sigue\u2026<br \/>\n<strong>Este texto pertenece al trabajo pr\u00e1ctico &#8220;Entrevista&#8221;<\/strong><\/p>\n","protected":false},"excerpt":{"rendered":"<p>Por Jerem\u00edas Walter Andrea Solari es la psic\u00f3loga de GIEMI (Grupo de Investigaci\u00f3n en Enfermedades Moleculares e Inmunol\u00f3gicas), un grupo de profesionales que se desenvuelven dentro de la Psiconeuroinmunocrinolog\u00eda (PNIE), parte de la medicina que se encarga de estudiar los cuatro sistemas de control del organismo: el psicol\u00f3gico, el neurol\u00f3gico, el inmunol\u00f3gico y el endocrinol\u00f3gico.<\/p>\n","protected":false},"author":40,"featured_media":0,"comment_status":"open","ping_status":"closed","sticky":false,"template":"","format":"standard","meta":{"footnotes":""},"categories":[3],"tags":[],"_links":{"self":[{"href":"https:\/\/redaccion1.fcpolit.unr.edu.ar\/comision-arrabal\/wp-json\/wp\/v2\/posts\/334"}],"collection":[{"href":"https:\/\/redaccion1.fcpolit.unr.edu.ar\/comision-arrabal\/wp-json\/wp\/v2\/posts"}],"about":[{"href":"https:\/\/redaccion1.fcpolit.unr.edu.ar\/comision-arrabal\/wp-json\/wp\/v2\/types\/post"}],"author":[{"embeddable":true,"href":"https:\/\/redaccion1.fcpolit.unr.edu.ar\/comision-arrabal\/wp-json\/wp\/v2\/users\/40"}],"replies":[{"embeddable":true,"href":"https:\/\/redaccion1.fcpolit.unr.edu.ar\/comision-arrabal\/wp-json\/wp\/v2\/comments?post=334"}],"version-history":[{"count":0,"href":"https:\/\/redaccion1.fcpolit.unr.edu.ar\/comision-arrabal\/wp-json\/wp\/v2\/posts\/334\/revisions"}],"wp:attachment":[{"href":"https:\/\/redaccion1.fcpolit.unr.edu.ar\/comision-arrabal\/wp-json\/wp\/v2\/media?parent=334"}],"wp:term":[{"taxonomy":"category","embeddable":true,"href":"https:\/\/redaccion1.fcpolit.unr.edu.ar\/comision-arrabal\/wp-json\/wp\/v2\/categories?post=334"},{"taxonomy":"post_tag","embeddable":true,"href":"https:\/\/redaccion1.fcpolit.unr.edu.ar\/comision-arrabal\/wp-json\/wp\/v2\/tags?post=334"}],"curies":[{"name":"wp","href":"https:\/\/api.w.org\/{rel}","templated":true}]}}