{"id":319,"date":"2008-08-20T11:54:36","date_gmt":"2008-08-20T11:54:36","guid":{"rendered":"http:\/\/fcpolit.unr.edu.ar\/blogs\/redaccion1-arrabal\/2008\/08\/20\/malvinas-la-guerra-continua-2\/"},"modified":"2008-08-20T11:54:36","modified_gmt":"2008-08-20T11:54:36","slug":"malvinas-la-guerra-continua-2","status":"publish","type":"post","link":"https:\/\/redaccion1.fcpolit.unr.edu.ar\/comision-arrabal\/2008\/08\/20\/malvinas-la-guerra-continua-2\/","title":{"rendered":"Malvinas: la guerra contin\u00faa"},"content":{"rendered":"<p><strong>Por Mayra Britez<\/strong><br \/>\nJuan Carlos Arias es un ex combatiente de Malvinas de 47 a\u00f1os, casado y con 3 hijos. Actualmente est\u00e1 encargado del Centro de ex combatientes ubicado en Ayacucho 1477, en la cuidad de Rosario. Entre las actividades que realiza, destaca la solidaridad de los veteranos con los que menos tienen para devolverle al pueblo lo que ellos recibieron. Sentado en su oficina con el celular en la mano, cuenta c\u00f3mo fue su experiencia en Malvinas.<\/p>\n<p><!--more--><br \/>\n<strong>\u00bfComo fue la llegada a Malvinas?<\/strong><br \/>\nBueno, yo estaba haciendo el servicio militar en el a\u00f1o 1981, me toc\u00f3 Infanter\u00eda Marina. Nosotros estabamos haciendo instrucci\u00f3n, salimos a hacer campa\u00f1as como com\u00fanmente se conocen y donde te ense\u00f1an a manejar el armamento que tenes asignado, yo tenia asignado el armamento mortero 106,6 era un arma de apoyo. Estuvimos haciendo instrucci\u00f3n hasta que el d\u00eda 2 de abril nos levantan temprano y nos comunican que Argentina hab\u00eda tomado las Islas. De ah\u00ed en adelante quedamos a la espera de lo que iba a hacer nuestro batall\u00f3n. Entonces, todos los que estabamos formados decidimos ir a Malvinas, porque ten\u00edamos dos opciones: quedarnos a custodiar la frontera (por los problemas que hubo con Chile) o ir a Malvinas.<br \/>\nDecidimos ir a Malvinas, juntamos todo nuestro armamento y nos fuimos al batall\u00f3n, de ah\u00ed se nos dio toda la informaci\u00f3n acerca  del comandante de la fuerza, el contaminante Bruzar quien tom\u00f3 las Malvinas el 2 de abril. Reci\u00e9n el 9 de abril embarcamos con todo nuestro mortero y llegamos a Malvinas el mismo d\u00eda.<br \/>\n<strong>\u00bfCual fue el peor momento que vivi\u00f3 en Malvinas?<\/strong><br \/>\nEn ese tiempo que dur\u00f3 la guerra, uno siempre estaba a la expectativa de lo que pod\u00eda suceder. Tanto a la ma\u00f1ana como a la tarde hab\u00eda ataques a\u00e9reos, vos sent\u00edas un ruido y no sabias a quien tirarle una bomba, porque pod\u00eda ser un enemigo o un avi\u00f3n argentino. Los ingleses estaban en los barcos toda la madrugada enca\u00f1onando, yo estaba cerca del campo y pod\u00eda sentir el silbido de las bombas y no sab\u00eda donde pod\u00edan caer. Siempre ten\u00eda que estar en constante alerta.<br \/>\n<strong>\u00bfFue por obligaci\u00f3n?<\/strong><br \/>\nNo, yo creo que no. La mayor\u00eda de nosotros hab\u00edamos decidido ir a Malvinas. Muchos de nuestros compa\u00f1eros se enteraron que iban a ir a Malvinas porque estaban dados de baja del servicio militar, otros que estaban con sus familias y recibieron un telegrama que deb\u00edan presentarse en el batall\u00f3n sin saber el motivo y menos de que iban a ir a Malvinas. Por lo menos nosotros pudimos decidir que \u00edbamos a ir. En ese momento el Servicio Militar era obligatorio, no pod\u00edas negarte, si no ibas preso.<br \/>\nEntonces, por ah\u00ed uno piensa que habiendo gente experimentada que estudiaba carreras militares, pod\u00edan haber ido pero nos toc\u00f3 a nosotros. Hubo personas que no estaban para ir, que se anotaron como voluntarios y fueron igual y otros que fueron obligados por miedo a ir presos.<br \/>\n<strong>\u00bfTemi\u00f3 por su vida?<\/strong><br \/>\nUno no puede decir que no tuvo miedo, para poder vivir ten\u00e9s que defenderte del enemigo, uno no sabe que puede pasarle en el destino. Durante los 73 d\u00edas a muchos de nuestros compa\u00f1eros no les sucedi\u00f3 nada pero en el \u00faltimo d\u00eda s\u00ed, cuando ya se iban replegando para el pueblo mientras que los ingleses segu\u00edan atacando.<br \/>\n<strong>\u00bfQu\u00e9 sucedi\u00f3 cuando regres\u00f3 de Malvinas?<\/strong><br \/>\nBueno, cuando regres\u00e9 estuve dos meses m\u00e1s en el batall\u00f3n incorporado. Y luego, ya me dieron la baja en el a\u00f1o1982. Nosotros esper\u00e1bamos el recibimiento por parte de intendentes y funcionarios y fue todo lo contrario, s\u00f3lo nuestros familiares nos estaban esperando.<br \/>\n<strong>\u00bfPudo regresar a Malvinas?<\/strong><br \/>\nNo, es decir, hay muchos de nuestros compa\u00f1eros que fueron a Malvinas, respetamos las decisiones de cada uno. Pero, en este momento, si yo quiero ir a Malvinas tengo que ir con un pasaporte. Entonces si estoy reclamando la soberan\u00eda de las islas, si nuestros maestros nos ense\u00f1aron que las Malvinas son argentinas, no puedo ir a un lugar que nos pertenece con un pasaporte. Es m\u00e1s, si todos vamos a Malvinas con pasaporte les estamos dando el derecho de soberan\u00eda a ellos.<br \/>\n<strong>\u00bfQu\u00e9 siente cuando llega el 2 de abril?<\/strong><br \/>\nPor l\u00f3gica, la mayor\u00eda de nosotros una gran tristeza porque fuimos con el objetivo de recuperar nuestras islas y lamentablemente nos encontramos con una derrota, la lucha contin\u00faa d\u00eda a d\u00eda. Perdimos la batalla pero la guerra la seguimos luchando para que esto no sea s\u00f3lo de guerra, sino que por v\u00eda diplom\u00e1tica podamos recuperarlas pronto.<br \/>\n<strong>Una reflexi\u00f3n final<\/strong><br \/>\nQue no se olviden que Malvinas es Argentina y que uno se tiene que acordar de esta historia siempre y no s\u00f3lo el 2 de abril y el 10 de junio que los veteranos de guerra existen, hay que recordarlos los 365 d\u00edas del a\u00f1o. Cuando volvimos de Malvinas trataron de ocultar lo que realmente pas\u00f3 y con el transcurso del tiempo nosotros fuimos sacando a la luz lo que realmente ocurri\u00f3 porque no todos sab\u00edan lo que hab\u00eda sucedido. En fin, no tienen que olvidarse que las Malvinas son parte del territorio argentino.<br \/>\n<strong>Este texto pertenece al trabajo pr\u00e1ctico &#8220;Entrevista&#8221;<\/strong><\/p>\n","protected":false},"excerpt":{"rendered":"<p>Por Mayra Britez Juan Carlos Arias es un ex combatiente de Malvinas de 47 a\u00f1os, casado y con 3 hijos. Actualmente est\u00e1 encargado del Centro de ex combatientes ubicado en Ayacucho 1477, en la cuidad de Rosario. Entre las actividades que realiza, destaca la solidaridad de los veteranos con los que menos tienen para devolverle [&hellip;]<\/p>\n","protected":false},"author":39,"featured_media":0,"comment_status":"open","ping_status":"closed","sticky":false,"template":"","format":"standard","meta":{"footnotes":""},"categories":[3],"tags":[],"_links":{"self":[{"href":"https:\/\/redaccion1.fcpolit.unr.edu.ar\/comision-arrabal\/wp-json\/wp\/v2\/posts\/319"}],"collection":[{"href":"https:\/\/redaccion1.fcpolit.unr.edu.ar\/comision-arrabal\/wp-json\/wp\/v2\/posts"}],"about":[{"href":"https:\/\/redaccion1.fcpolit.unr.edu.ar\/comision-arrabal\/wp-json\/wp\/v2\/types\/post"}],"author":[{"embeddable":true,"href":"https:\/\/redaccion1.fcpolit.unr.edu.ar\/comision-arrabal\/wp-json\/wp\/v2\/users\/39"}],"replies":[{"embeddable":true,"href":"https:\/\/redaccion1.fcpolit.unr.edu.ar\/comision-arrabal\/wp-json\/wp\/v2\/comments?post=319"}],"version-history":[{"count":0,"href":"https:\/\/redaccion1.fcpolit.unr.edu.ar\/comision-arrabal\/wp-json\/wp\/v2\/posts\/319\/revisions"}],"wp:attachment":[{"href":"https:\/\/redaccion1.fcpolit.unr.edu.ar\/comision-arrabal\/wp-json\/wp\/v2\/media?parent=319"}],"wp:term":[{"taxonomy":"category","embeddable":true,"href":"https:\/\/redaccion1.fcpolit.unr.edu.ar\/comision-arrabal\/wp-json\/wp\/v2\/categories?post=319"},{"taxonomy":"post_tag","embeddable":true,"href":"https:\/\/redaccion1.fcpolit.unr.edu.ar\/comision-arrabal\/wp-json\/wp\/v2\/tags?post=319"}],"curies":[{"name":"wp","href":"https:\/\/api.w.org\/{rel}","templated":true}]}}