{"id":318,"date":"2008-08-19T17:43:39","date_gmt":"2008-08-19T17:43:39","guid":{"rendered":"http:\/\/fcpolit.unr.edu.ar\/blogs\/redaccion1-arrabal\/2008\/08\/19\/del-salon-al-concejo-2\/"},"modified":"2008-08-19T17:43:39","modified_gmt":"2008-08-19T17:43:39","slug":"del-salon-al-concejo-2","status":"publish","type":"post","link":"https:\/\/redaccion1.fcpolit.unr.edu.ar\/comision-arrabal\/2008\/08\/19\/del-salon-al-concejo-2\/","title":{"rendered":"Del sal\u00f3n al Concejo"},"content":{"rendered":"<p><strong>Por Natalia Alvarez<\/strong><br \/>\nFlorencia tiene 15 a\u00f1os, va al colegio n\u00ba 435 \u201cDr. Luis Mar\u00eda Drago\u201d y fue la encargada de representarlo en el Concejo Deliberante de Rosario, a trav\u00e9s de un proyecto de decreto y ordenanza que elabor\u00f3 junto a otros compa\u00f1eros de esa instituci\u00f3n educativa. As\u00ed como este grupo de j\u00f3venes, otros adolescentes presentaron proyectos que luego tuvieron que defender en el Concejo.<br \/>\nLa estudiante cont\u00f3 c\u00f3mo fue la experiencia qu\u00e9 sinti\u00f3 representado a su colegio y en qu\u00e9 consisti\u00f3 el proyecto.<\/p>\n<p><!--more--><br \/>\n<strong>Flor, \u00bfQu\u00e9 te motiv\u00f3 a querer formar parte del equipo encargado del proyecto? <\/strong><br \/>\nLo que me motiv\u00f3 personalmente fue la importancia que yo le doy a todas las problem\u00e1ticas ambientales, ya que nuestro futuro se refleja en nuestra naturaleza. Aparte formar parte de un proyecto que pod\u00eda ayudar me pareci\u00f3 un buen comienzo para la concientizaci\u00f3n de la sociedad y para involucrarme aunque sea un poco en temas pol\u00edticos.<br \/>\n<strong>\u00bfSe te presentaron muchas dificultades en la investigaci\u00f3n o en el desarrollo del tema?<\/strong><br \/>\nS\u00ed. \u00c9ramos un grupo muy grande y no nos pon\u00edamos de acuerdo, una vez que nos pusimos de acuerdo en el tema, nos dimos cuenta de que era algo dif\u00edcil de desarrollar y de investigar. Las pilas y bater\u00edas est\u00e1n muy relacionadas con la qu\u00edmica avanzada y cient\u00edficos del m\u00e1s alto rango todav\u00eda est\u00e1n desarrollando formas de reciclarlas, pero nos pareci\u00f3 que era el tema indicado y que pod\u00edamos llevarlo a cabo.<br \/>\n<strong>\u00bfC\u00f3mo lo  sobrellevaste? \u00bfCon tranquilidad, o te desesperaste?<\/strong><br \/>\nEn un principio bastante bien, pero cuando me eligieron como representante me atacaron los nervios y estudiar no s\u00f3lo mi proyecto sino el de 24 escuelas m\u00e1s me cost\u00f3 bastante. Mis compa\u00f1eros me ayudaron much\u00edsimo buscando informaci\u00f3n y buscando cu\u00e1les eran los proyectos adecuados, porque ten\u00edamos que aprobar o desaprobar los dem\u00e1s proyectos, adem\u00e1s de presentar el nuestro.<br \/>\n<strong>\u00bfNotaste inter\u00e9s por parte de los dem\u00e1s alumnos?<\/strong><br \/>\nSiempre hay gente que se preocupa por el futuro del mundo, pero  muchos  lo tomaron como algo sin importancia o simplemente una raz\u00f3n m\u00e1s para estar fuera del sal\u00f3n. \u2013 (Risas) \u2013 Pero por suerte nuestra escuela fue una de las que m\u00e1s alumnos reuni\u00f3.<br \/>\n<strong>\u00bfSent\u00eds que el colegio le dio la importancia que merece el proyecto?<\/strong><br \/>\nNo. Yo creo que de parte de las profesoras y los directivos no hubo tanta atenci\u00f3n como la que deber\u00eda darse a un proyecto de tal magnitud. No hab\u00eda una organizaci\u00f3n y no supervisaban nuestros encuentros, entonces eso hac\u00eda que nos desvi\u00e1ramos del tema central y no supi\u00e9ramos como encararlo, o muchas veces nos dispers\u00e1ramos. M\u00e1s de una vez nos ten\u00edamos que movilizar por nuestros propios medios, cosa que nos dificultaba el trabajo.<br \/>\n<strong>\u00bfTuvieron alguna reuni\u00f3n informativa, auspiciada por los organizadores?<\/strong><br \/>\nS\u00ed, tuvimos. Antes de iniciar el proyecto y elegir el tema, vino Juan Marcos, que es el secretario del concejal Osvaldo Miatello, quien promov\u00eda esto, a darnos una charla inform\u00e1ndonos c\u00f3mo nos ten\u00edamos que manejar con respecto a dicho proyecto. Y luego, una vez que todas las escuelas ten\u00edan elegida la tem\u00e1tica, tuvimos otra reuni\u00f3n que ten\u00eda como objetivo ense\u00f1arnos las formalidades dentro del Concejo al momento de presentar nuestros planes, c\u00f3mo dirigirnos, c\u00f3mo hablar&#8230;<br \/>\n<strong>\u00bfRecibieron ayuda de alguien para  elegir el tema o para buscar informaci\u00f3n?<\/strong><br \/>\nNo tanta como yo hubiese necesitado. El proyecto hubiese sido mucho m\u00e1s rico en contenido si las profesoras nos hubieran orientado de otra manera o ayudado al momento de buscar informaci\u00f3n. Como ya dije antes, nos cost\u00f3 mucho elegir el tema, ponernos de acuerdo y luego desarrollarlo.<br \/>\n<strong>\u00bfTuviste miedo o verg\u00fcenza de hablar frente a tanta gente?<\/strong><br \/>\nSi, cuando entr\u00e9 y vi tanta gente me quer\u00eda volver a mi casa, pero despu\u00e9s de tanto trabajo no iba a abandonar ah\u00ed. Rogaba que no me llegara el momento de hablar, aparte ve\u00eda un mont\u00f3n de chicos que se equivocaban o se trababan cuando hablaban y me daba miedo equivocarme tambi\u00e9n. Hab\u00eda gente filmando, o sea que si me equivocaba quedaba grabado en la historia. Jajaja!!-<br \/>\n<strong>Los decretos y ordenanzas expuestos por las dem\u00e1s escuelas, \u00bfqu\u00e9 te parecieron?<\/strong><br \/>\nAlgunos eran buen\u00edsimos, no solo el proyecto, sino la forma de exponerlo y defenderlo del alumno encargado, otros de los proyectos eran buenos, pero los expon\u00edan \u201chorriblemente\u201d y tambi\u00e9n estaban los que eran un desastre total. Pero en general cubrieron las expectativas que yo imaginaba.<br \/>\n<strong>Si se te presentara nuevamente una experiencia como \u00e9sta, \u00bfAceptar\u00edas otra vez?<\/strong><br \/>\nS\u00ed, me encant\u00f3 participar, fue una experiencia excelente. Me cambi\u00f3 mi pensamiento sobre que con la pol\u00edtica no se pod\u00eda solucionar nada y espero que no me decepcionen.<br \/>\n<strong>Este texto pertenece al trabajo pr\u00e1ctico &#8220;Entrevista&#8221;<\/strong><\/p>\n","protected":false},"excerpt":{"rendered":"<p>Por Natalia Alvarez Florencia tiene 15 a\u00f1os, va al colegio n\u00ba 435 \u201cDr. Luis Mar\u00eda Drago\u201d y fue la encargada de representarlo en el Concejo Deliberante de Rosario, a trav\u00e9s de un proyecto de decreto y ordenanza que elabor\u00f3 junto a otros compa\u00f1eros de esa instituci\u00f3n educativa. As\u00ed como este grupo de j\u00f3venes, otros adolescentes [&hellip;]<\/p>\n","protected":false},"author":39,"featured_media":0,"comment_status":"open","ping_status":"closed","sticky":false,"template":"","format":"standard","meta":{"footnotes":""},"categories":[3],"tags":[],"_links":{"self":[{"href":"https:\/\/redaccion1.fcpolit.unr.edu.ar\/comision-arrabal\/wp-json\/wp\/v2\/posts\/318"}],"collection":[{"href":"https:\/\/redaccion1.fcpolit.unr.edu.ar\/comision-arrabal\/wp-json\/wp\/v2\/posts"}],"about":[{"href":"https:\/\/redaccion1.fcpolit.unr.edu.ar\/comision-arrabal\/wp-json\/wp\/v2\/types\/post"}],"author":[{"embeddable":true,"href":"https:\/\/redaccion1.fcpolit.unr.edu.ar\/comision-arrabal\/wp-json\/wp\/v2\/users\/39"}],"replies":[{"embeddable":true,"href":"https:\/\/redaccion1.fcpolit.unr.edu.ar\/comision-arrabal\/wp-json\/wp\/v2\/comments?post=318"}],"version-history":[{"count":0,"href":"https:\/\/redaccion1.fcpolit.unr.edu.ar\/comision-arrabal\/wp-json\/wp\/v2\/posts\/318\/revisions"}],"wp:attachment":[{"href":"https:\/\/redaccion1.fcpolit.unr.edu.ar\/comision-arrabal\/wp-json\/wp\/v2\/media?parent=318"}],"wp:term":[{"taxonomy":"category","embeddable":true,"href":"https:\/\/redaccion1.fcpolit.unr.edu.ar\/comision-arrabal\/wp-json\/wp\/v2\/categories?post=318"},{"taxonomy":"post_tag","embeddable":true,"href":"https:\/\/redaccion1.fcpolit.unr.edu.ar\/comision-arrabal\/wp-json\/wp\/v2\/tags?post=318"}],"curies":[{"name":"wp","href":"https:\/\/api.w.org\/{rel}","templated":true}]}}