{"id":317,"date":"2008-08-19T17:25:02","date_gmt":"2008-08-19T17:25:02","guid":{"rendered":"http:\/\/fcpolit.unr.edu.ar\/blogs\/redaccion1-arrabal\/2008\/08\/19\/queres-conocer-a-una-persona-escuchala-por-radio-2\/"},"modified":"2008-08-19T17:25:02","modified_gmt":"2008-08-19T17:25:02","slug":"queres-conocer-a-una-persona-escuchala-por-radio-2","status":"publish","type":"post","link":"https:\/\/redaccion1.fcpolit.unr.edu.ar\/comision-arrabal\/2008\/08\/19\/queres-conocer-a-una-persona-escuchala-por-radio-2\/","title":{"rendered":"\u201c\u00bfQuer\u00e9s conocer a una persona? Escuchala por radio\u201d"},"content":{"rendered":"<p><strong>Por Mercedes Casenave<\/strong><br \/>\nEl locutor y periodista, en una charla distendida, expres\u00f3 sus opiniones acerca de los medios, de la nueva ley de radiodifusi\u00f3n, de su experiencia con Lanata, y dej\u00f3 unas palabras para los estudiantes de Comunicaci\u00f3n.<br \/>\nLotuf o \u201cel turco\u201d se muestra con buena predisposici\u00f3n. El periodista est\u00e1 pasando por un muy buen momento en su carrera: trabaja de lunes a viernes en Radio 2 (en el programa \u201cDe tarde en tarde\u201d), en Radio del Plata los domingos (en el programa \u201cDicen que dicen\u201d), en Telenoche es el conductor de la edici\u00f3n local, y desde hace unos meses est\u00e1 a cargo de la edici\u00f3n del diario Cr\u00edtica de Santa Fe. Sus programas est\u00e1n cargados de conocimiento (realiza una notable complementaci\u00f3n entre historia y actualidad) y efusividad. Siempre establece una postura firme, no deja lugar a dudas. Sus palabras lo dicen todo: \u201cNo soy de los que se quedan callados\u201d.<\/p>\n<p><!--more--><br \/>\n<strong>\u00bfC\u00f3mo fue que surgi\u00f3 tu vocaci\u00f3n, te imaginabas de chico trabajando en esto?<\/strong>-No, yo no me imaginaba trabajando en medios de comunicaci\u00f3n\u2026pero toda la vida, en la escuela secundaria y en la primaria fui el locutor y el presentador oficial de todos los actos. Soy de una \u00e9poca en que los equipos de sonido de las escuelas andaban muy mal, entonces las directoras me llamaban a m\u00ed, porque dec\u00edan que ten\u00eda un tono de voz fuerte, potente y poderoso que lograba sortear las dificultades de los equipos de audio. Siempre me gust\u00f3, me pareci\u00f3 muy entretenido y muy divertido. Pero yo estudiaba Abogac\u00eda y Ciencias Pol\u00edticas, estudiaba dos carreras.<br \/>\n<strong>\u00bfAl mismo tiempo?<\/strong>&#8211;<br \/>\nAl mismo tiempo, entonces, dej\u00e9 todo por esto cuando se cruz\u00f3 esa oportunidad.<br \/>\n<strong>\u00bfY cu\u00e1ntos a\u00f1os ten\u00edas?<\/strong><br \/>\nTen\u00eda 18 a\u00f1os, yo estaba en segundo a\u00f1o, porque entr\u00e9 a los 17 a la facu. Estaba en la clase de Filosof\u00eda del Derecho, aparece un cura a reemplazar la c\u00e1tedra y bueno, observ\u00f3 que hab\u00eda una serie de condiciones naturales en m\u00ed y uno de esos d\u00edas de los reemplazos, a la salida, me dice: \u201c\u00bfno te gustar\u00eda trabajar en radio? Es un horario dif\u00edcil\u2026los domingos a las 6 y media de la ma\u00f1ana en LT 8\u201d. Era un programa del arzobispado que se llamaba \u201cHoy es fiesta\u201d, y as\u00ed fue, as\u00ed empez\u00f3 todo\u2026<br \/>\n<strong>\u00bfAlg\u00fan reportaje que te haya marcado?<\/strong><br \/>\nYo me he dado muchos gustos, muchos gustos, he hecho muchos reportajes, pero no hay uno en especial, la verdad cada nota que yo hago la disfruto, eh\u2026 me estresan, asimilo ense\u00f1anzas, no tengo una en concreta, me hubiera gustado hacerle una nota al Papa, me hubiera gustado hacerle una nota a Fidel Castro, eso si te lo puedo decir\u2026<br \/>\n<strong>Quedaron pendientes\u2026<\/strong>&#8211;<br \/>\nY me qued\u00e9 con las ganas. Por lo dem\u00e1s: deportistas, pol\u00edticos, soci\u00f3logos, analistas, me di un gustazo, una panzurrada me d\u00ed, con todos. (Sonr\u00ede, recordando)\u2026<br \/>\n<strong>Y&#8230; \u00bfqu\u00e9 implica en tu vida esto de ser reconocido?&#8230; Porque si bien hay momentos en que la gente demuestra el cari\u00f1o, tambi\u00e9n hubo un momento en que pintaron paredes cerca de tu barrio\u2026<\/strong><br \/>\nAs\u00ed es, y eso tuvo que ver con el f\u00fatbol (vos sab\u00e9s que soy un reconocido hincha de Central y soy de aquellos que no se callan) entonces me pareci\u00f3 que hab\u00eda que decir algunas cosas, y esta gente en vez de tom\u00e1rsela con el opositor a sus ideas se las toman con el mensajero.<br \/>\n<strong>\u00bfNot\u00e1s mucha diferencia entre la radio y la televisi\u00f3n vos que trabaj\u00e1s en distintos \u00e1mbitos?<\/strong><br \/>\nBueno, son dos lugares muy distintos\u2026La radio tiene el encanto de lo inmediato\u2026<br \/>\n<strong>El contacto con la gente\u2026<\/strong><br \/>\nYo tengo una frase que la acu\u00f1\u00e9 y es m\u00eda, tengo varias. Pero siempre son todas vinculadas a la radio. Y es esta\u2026 \u201c\u00bfvos quer\u00e9s conocer a una persona? Escuchala por radio\u201d. La tele te ofrece la popularidad, la fama en forma inmediata, la llegada espont\u00e1nea al hogar, el reconocimiento r\u00e1pido en la gente, pero es absolutamente estructurada, ah\u00ed no hay lugar para un mont\u00f3n de cuestiones personales, en la radio vos te pod\u00e9s explayar\u2026<br \/>\n<strong>Hay m\u00e1s libertad para expresarse\u2026<\/strong><br \/>\nY conoc\u00e9s a la persona que habla\u2026c\u00f3mo piensa, qu\u00e9 dice, c\u00f3mo reacciona\u2026 en fin, y eso en la tele es bastante complicado.<br \/>\n<strong>Y \u00bfqu\u00e9 opinas de la nueva ley de radiodifusi\u00f3n?<\/strong><br \/>\nA m\u00ed me parece bien, l\u00e1stima que se acordaron de la nueva ley o la est\u00e1n apurando a partir de una pelea con un multimedios\u2026<br \/>\n<strong>S\u00ed, Clar\u00edn\u2026<\/strong><br \/>\nAl que el mismo gobierno ha favorecido en forma permanente, les dieron la fusi\u00f3n de Cablevisi\u00f3n con Multicanal y a nadie del gobierno se le ocurri\u00f3 decir \u201ceso es un monopolio\u201d\u2026este gobierno tiene no doble discurso, veinte discursos que emplea de acuerdo a la oportunidad\u2026<br \/>\n<strong>\u00bfQu\u00e9 papel juegan los medios de comunicaci\u00f3n hoy en d\u00eda?<\/strong><br \/>\nImportant\u00edsimo, es vital, es elemental. Est\u00e1 mal que la gente crea m\u00e1s en los medios que en sus pol\u00edticos, qu\u00e9 feo eso\u2026qu\u00e9 horrible\u2026 o que crean m\u00e1s en un medio de comunicaci\u00f3n que en la justicia, o que lo que presente la tele es toda la verdad\u2026est\u00e1 un poco distorsionado todo eso. Me parece que tiene que ver con la defecci\u00f3n de distintas instituciones de la vida republicana y democr\u00e1tica que no est\u00e1n a la altura de las circunstancias y que la gente ya no conf\u00eda m\u00e1s, la gente no quiere saber nada con un pol\u00edtico\u2026en su contexto mayoritario se\u00f1alan que son chantas, que la justicia est\u00e1 vendida, que los legisladores son levantamanos\u2026nadie los defiende.<br \/>\n<strong>Hay mucho pesimismo\u2026<\/strong><br \/>\nPor supuesto, y entonces aparece un medio de comunicaci\u00f3n, y a veces tenemos que hacer de fiscal, de abogado del diablo, es feo, porque la idea no es esa, sino expresar una opini\u00f3n e informar, nada m\u00e1s, pero bueno es el momento que nos toca.<br \/>\n<strong>\u00bfAlguna an\u00e9cdota que quieras compartir?<\/strong><br \/>\n(Risas)\u2026Soy muy malo para recordar an\u00e9cdotas. (Piensa)\u2026tengo dos millones de an\u00e9cdotas no s\u00e9, si me dec\u00eds una en especial, no s\u00e9\u2026yo me divierto much\u00edsimo, soy muy de hacer bromas\u2026pero me cuesta mucho recordar las cosas que han pasado, no s\u00e9 si por la intensidad con la que lo vivo, pero basta que alguien que haya trabajado en alg\u00fan momento conmigo me diga: \u201c\u00bfte acord\u00e1s? \u00bfY te acord\u00e1s de esta otra?\u201d C\u00f3mo no me voy a acordar\u2026tengo 2 mil, 2 millones de an\u00e9cdotas\u2026<br \/>\n<strong>\u00bfY qu\u00e9 tal la experiencia con Lanata, ahora que trabajan juntos en el diario Cr\u00edtica? <\/strong><br \/>\nFant\u00e1stica, porque es un revolucionario de los medios, es un tipo absolutamente innovador. Sali\u00f3 con uno de sus caprichos\u2026 es muy caprichoso \u00e9l. Y nada m\u00e1s y nada menos que un diario de papel, est\u00e1 loco, Lanata est\u00e1 loco, y bueno a veces seguir a alguien loco pero con ese talento tiene mucho de adrenalina\u2026 (Sonr\u00ede).<br \/>\n<strong>\u00bfAlgunas palabras para los estudiantes de Comunicaci\u00f3n Social?<\/strong><br \/>\nQue hay pocos medios, lamentablemente, pero mucha ilusi\u00f3n. Yo creo que Rosario es una de las ciudades donde m\u00e1s alumnos egresan de Comunicaci\u00f3n Social\u2026tecnol\u00f3gicamente lo que viene es insospechado, me parece que la revoluci\u00f3n a trav\u00e9s de Internet, de sitios individuales, de empresas de instituciones es una gran chance para muchos. El que quiere hacer un medio electr\u00f3nico, tambi\u00e9n lo va a poder hacer a trav\u00e9s de Internet\u2026 no va a ser tan dif\u00edcil hacer exteriores en vivo y en directo a trav\u00e9s de Internet, fibra \u00f3ptica, vide\u00f3fono, etc. No vamos a necesitar m\u00e1s esa movilidad burocr\u00e1tica de los camiones de exteriores, \u201cque la antena, que tiene que apuntar al sat\u00e9lite\u201d\u2026cada vez va a ser m\u00e1s f\u00e1cil, en consecuencia, cuanto m\u00e1s f\u00e1cil es, me parece que m\u00e1s lugar tienen los periodistas y los estudiantes de comunicaci\u00f3n.<br \/>\n<strong>Este texto pertenece al trabajo pr\u00e1ctico &#8220;Entrevista&#8221;<\/strong><\/p>\n","protected":false},"excerpt":{"rendered":"<p>Por Mercedes Casenave El locutor y periodista, en una charla distendida, expres\u00f3 sus opiniones acerca de los medios, de la nueva ley de radiodifusi\u00f3n, de su experiencia con Lanata, y dej\u00f3 unas palabras para los estudiantes de Comunicaci\u00f3n. Lotuf o \u201cel turco\u201d se muestra con buena predisposici\u00f3n. El periodista est\u00e1 pasando por un muy buen [&hellip;]<\/p>\n","protected":false},"author":39,"featured_media":0,"comment_status":"open","ping_status":"closed","sticky":false,"template":"","format":"standard","meta":{"footnotes":""},"categories":[3],"tags":[],"_links":{"self":[{"href":"https:\/\/redaccion1.fcpolit.unr.edu.ar\/comision-arrabal\/wp-json\/wp\/v2\/posts\/317"}],"collection":[{"href":"https:\/\/redaccion1.fcpolit.unr.edu.ar\/comision-arrabal\/wp-json\/wp\/v2\/posts"}],"about":[{"href":"https:\/\/redaccion1.fcpolit.unr.edu.ar\/comision-arrabal\/wp-json\/wp\/v2\/types\/post"}],"author":[{"embeddable":true,"href":"https:\/\/redaccion1.fcpolit.unr.edu.ar\/comision-arrabal\/wp-json\/wp\/v2\/users\/39"}],"replies":[{"embeddable":true,"href":"https:\/\/redaccion1.fcpolit.unr.edu.ar\/comision-arrabal\/wp-json\/wp\/v2\/comments?post=317"}],"version-history":[{"count":0,"href":"https:\/\/redaccion1.fcpolit.unr.edu.ar\/comision-arrabal\/wp-json\/wp\/v2\/posts\/317\/revisions"}],"wp:attachment":[{"href":"https:\/\/redaccion1.fcpolit.unr.edu.ar\/comision-arrabal\/wp-json\/wp\/v2\/media?parent=317"}],"wp:term":[{"taxonomy":"category","embeddable":true,"href":"https:\/\/redaccion1.fcpolit.unr.edu.ar\/comision-arrabal\/wp-json\/wp\/v2\/categories?post=317"},{"taxonomy":"post_tag","embeddable":true,"href":"https:\/\/redaccion1.fcpolit.unr.edu.ar\/comision-arrabal\/wp-json\/wp\/v2\/tags?post=317"}],"curies":[{"name":"wp","href":"https:\/\/api.w.org\/{rel}","templated":true}]}}