{"id":3121,"date":"2019-10-29T13:23:26","date_gmt":"2019-10-29T13:23:26","guid":{"rendered":"http:\/\/fcpolit.unr.edu.ar\/blogs\/redaccion1-arrabal\/?p=3121"},"modified":"2019-10-29T13:23:26","modified_gmt":"2019-10-29T13:23:26","slug":"lecturas-clases-y-consultas","status":"publish","type":"post","link":"https:\/\/redaccion1.fcpolit.unr.edu.ar\/comision-arrabal\/2019\/10\/29\/lecturas-clases-y-consultas\/","title":{"rendered":"Lecturas, clases y consultas"},"content":{"rendered":"<p><a href=\"http:\/\/blogs.fcpolit.unr.edu.ar\/redaccion1-arrabal\/files\/2019\/10\/fsWNPZ_P_400x400.jpg\"><img loading=\"lazy\" decoding=\"async\" class=\"alignright wp-image-3123\" src=\"http:\/\/blogs.fcpolit.unr.edu.ar\/redaccion1-arrabal\/files\/2019\/10\/fsWNPZ_P_400x400.jpg\" alt=\"\" width=\"181\" height=\"181\" \/><\/a>El 4 de noviembre daremos, en la primera parte de la clase, la Unidad 7 de Argumentaci\u00f3n en base a los siguientes textos:<\/p>\n<p><strong>Textos te\u00f3ricos<\/strong><\/p>\n<p><a href=\"https:\/\/blogs.fcpolit.unr.edu.ar\/programa\/2008\/03\/13\/la-argumentacion-otra-de-las-dos-grandes-tendencias-en-la-elaboracion-de-los-textos\/\">La argumentaci\u00f3n: otra de las dos grandes tendencias en la elaboraci\u00f3n de los textos<\/a><\/p>\n<p><a href=\"https:\/\/blogs.fcpolit.unr.edu.ar\/programa\/2008\/03\/13\/superestructuras-argumentativas\/\">Superestructuras argumentativas<\/a><\/p>\n<p><strong>Material de observaci\u00f3n<\/strong><\/p>\n<p><a href=\"https:\/\/www.pagina12.com.ar\/227975-el-corazon\">El coraz\u00f3n<\/a><\/p>\n<p><a href=\"https:\/\/www.clarin.com\/opinion\/triunfazo-alberto-catastrofe-macri_0_kyxCJ12N.html\">Ni triunfazo deAlberto, ni cat\u00e1strofe de Macri<\/a><\/p>\n<p><!--more--><\/p>\n<p>Luego, continuaremos con las consultas del trabajo final de la materia de acuerdo al <a href=\"https:\/\/blogs.fcpolit.unr.edu.ar\/redaccion1-arrabal\/2019\/10\/01\/trabajo-final-4\/\">cronograma<\/a> establecido.\u00a0 El 11\/11 se tomar\u00e1 el <a href=\"https:\/\/blogs.fcpolit.unr.edu.ar\/redaccion1-arrabal\/2019\/10\/29\/3116\/\">Tercer Parcial<\/a> s\u00f3lo para aquellos alumnos que no hayan aprobado alguna de las instancias evaluativas anteriores. Ese d\u00eda tambi\u00e9n ser\u00e1 la \u00faltima consulta del trabajo final.<\/p>\n","protected":false},"excerpt":{"rendered":"<p>El 4 de noviembre daremos, en la primera parte de la clase, la Unidad 7 de Argumentaci\u00f3n en base a los siguientes textos: Textos te\u00f3ricos La argumentaci\u00f3n: otra de las dos grandes tendencias en la elaboraci\u00f3n de los textos Superestructuras argumentativas Material de observaci\u00f3n El coraz\u00f3n Ni triunfazo deAlberto, ni cat\u00e1strofe de Macri<\/p>\n","protected":false},"author":15,"featured_media":0,"comment_status":"open","ping_status":"open","sticky":false,"template":"","format":"standard","meta":{"footnotes":""},"categories":[49,53],"tags":[],"_links":{"self":[{"href":"https:\/\/redaccion1.fcpolit.unr.edu.ar\/comision-arrabal\/wp-json\/wp\/v2\/posts\/3121"}],"collection":[{"href":"https:\/\/redaccion1.fcpolit.unr.edu.ar\/comision-arrabal\/wp-json\/wp\/v2\/posts"}],"about":[{"href":"https:\/\/redaccion1.fcpolit.unr.edu.ar\/comision-arrabal\/wp-json\/wp\/v2\/types\/post"}],"author":[{"embeddable":true,"href":"https:\/\/redaccion1.fcpolit.unr.edu.ar\/comision-arrabal\/wp-json\/wp\/v2\/users\/15"}],"replies":[{"embeddable":true,"href":"https:\/\/redaccion1.fcpolit.unr.edu.ar\/comision-arrabal\/wp-json\/wp\/v2\/comments?post=3121"}],"version-history":[{"count":0,"href":"https:\/\/redaccion1.fcpolit.unr.edu.ar\/comision-arrabal\/wp-json\/wp\/v2\/posts\/3121\/revisions"}],"wp:attachment":[{"href":"https:\/\/redaccion1.fcpolit.unr.edu.ar\/comision-arrabal\/wp-json\/wp\/v2\/media?parent=3121"}],"wp:term":[{"taxonomy":"category","embeddable":true,"href":"https:\/\/redaccion1.fcpolit.unr.edu.ar\/comision-arrabal\/wp-json\/wp\/v2\/categories?post=3121"},{"taxonomy":"post_tag","embeddable":true,"href":"https:\/\/redaccion1.fcpolit.unr.edu.ar\/comision-arrabal\/wp-json\/wp\/v2\/tags?post=3121"}],"curies":[{"name":"wp","href":"https:\/\/api.w.org\/{rel}","templated":true}]}}