{"id":312,"date":"2008-05-30T16:21:19","date_gmt":"2008-05-30T16:21:19","guid":{"rendered":"http:\/\/fcpolit.unr.edu.ar\/blogs\/redaccion1-arrabal\/2008\/05\/30\/clase-del-30-de-mayo-comision-12-2\/"},"modified":"2008-05-30T16:21:19","modified_gmt":"2008-05-30T16:21:19","slug":"clase-del-30-de-mayo-comision-12-2","status":"publish","type":"post","link":"https:\/\/redaccion1.fcpolit.unr.edu.ar\/comision-arrabal\/2008\/05\/30\/clase-del-30-de-mayo-comision-12-2\/","title":{"rendered":"Clase del 30 de mayo. Comisi\u00f3n 12"},"content":{"rendered":"<p><img decoding=\"async\" alt=\"invierno.jpg\" src=\"http:\/\/www.bdp.org.ar\/facultad\/catedras\/comsoc\/redaccion1\/arrabal\/invierno.jpg\" width=\"124\" \/><br \/>\nEn la clase del viernes 30 de mayo explicamos las diferentes formas de citar para poder realizar el <a href=\"http:\/\/www.bdp.org.ar\/facultad\/catedras\/comsoc\/redaccion1\/arrabal\/2008\/05\/clase_del_28_de_mayo_comsion_7.php#more\">Trabajo pr\u00e1ctico n\u00famero 10 &#8220;Salir al campo&#8221;<\/a>. Adem\u00e1s, informamos que el primer parcial de la materia se tomar\u00e1 el mi\u00e9rcoles 18 de junio a las 14 horas en el aula 108 (debido a que el 20 es feriado). El recuperatorio tendr\u00e1 lugar el 4 de julio para aquellos que no hayan aprobado. Se tomar\u00e1n los temas te\u00f3ricos de las unidades <a href=\"http:\/\/www.bdp.org.ar\/facultad\/catedras\/comsoc\/redaccion1\/unidades\/unidad_i\/textos_base_u1\/\">Uno<\/a>, <a href=\"http:\/\/www.bdp.org.ar\/facultad\/catedras\/comsoc\/redaccion1\/unidades\/unidad_ii\/textos_base_u2\/\">Dos<\/a> y <a href=\"http:\/\/www.bdp.org.ar\/facultad\/catedras\/comsoc\/redaccion1\/unidades\/unidad_viii\/textos_base_u8\/\">Ocho.<\/a><\/p>\n<p><!--more--><br \/>\nRealizamos el <a href=\"http:\/\/www.bdp.org.ar\/facultad\/catedras\/comsoc\/redaccion1\/arrabal\/2008\/05\/clase_del_28_de_mayo_comsion_7.php#more\">Taller de lectura N\u00ba 5 &#8220;Estilos&#8221;<\/a> que entregaron a Fabiana y el trabajo pr\u00e1ctico &#8220;Transformaci\u00f3n&#8221; cuya consigna es la siguiente:<br \/>\n<strong>Trabajo pr\u00e1ctico N\u00ba 11 &#8220;Transformaci\u00f3n&#8221;<\/strong><br \/>\n1) Seleccionar una entrevista con formato de pregunta-respuesta<br \/>\n2) Transformar esa entrevista en un texto informativo utilizando los ditintos tipos de estilos<br \/>\nImportante: Leer el Texto <a href=\"http:\/\/www.bdp.org.ar\/facultad\/catedras\/comsoc\/redaccion1\/unidades\/2008\/03\/estilos_directo_e_indirecto.php\">Estilos directo e indirecto<\/a> antes de hacer el trabajo<br \/>\nFecha de presentaci\u00f3n: por mail a Victoria o en la clase del 6 de junio.<\/p>\n","protected":false},"excerpt":{"rendered":"<p>En la clase del viernes 30 de mayo explicamos las diferentes formas de citar para poder realizar el Trabajo pr\u00e1ctico n\u00famero 10 &#8220;Salir al campo&#8221;. Adem\u00e1s, informamos que el primer parcial de la materia se tomar\u00e1 el mi\u00e9rcoles 18 de junio a las 14 horas en el aula 108 (debido a que el 20 es [&hellip;]<\/p>\n","protected":false},"author":39,"featured_media":0,"comment_status":"open","ping_status":"closed","sticky":false,"template":"","format":"standard","meta":{"footnotes":""},"categories":[11],"tags":[],"_links":{"self":[{"href":"https:\/\/redaccion1.fcpolit.unr.edu.ar\/comision-arrabal\/wp-json\/wp\/v2\/posts\/312"}],"collection":[{"href":"https:\/\/redaccion1.fcpolit.unr.edu.ar\/comision-arrabal\/wp-json\/wp\/v2\/posts"}],"about":[{"href":"https:\/\/redaccion1.fcpolit.unr.edu.ar\/comision-arrabal\/wp-json\/wp\/v2\/types\/post"}],"author":[{"embeddable":true,"href":"https:\/\/redaccion1.fcpolit.unr.edu.ar\/comision-arrabal\/wp-json\/wp\/v2\/users\/39"}],"replies":[{"embeddable":true,"href":"https:\/\/redaccion1.fcpolit.unr.edu.ar\/comision-arrabal\/wp-json\/wp\/v2\/comments?post=312"}],"version-history":[{"count":0,"href":"https:\/\/redaccion1.fcpolit.unr.edu.ar\/comision-arrabal\/wp-json\/wp\/v2\/posts\/312\/revisions"}],"wp:attachment":[{"href":"https:\/\/redaccion1.fcpolit.unr.edu.ar\/comision-arrabal\/wp-json\/wp\/v2\/media?parent=312"}],"wp:term":[{"taxonomy":"category","embeddable":true,"href":"https:\/\/redaccion1.fcpolit.unr.edu.ar\/comision-arrabal\/wp-json\/wp\/v2\/categories?post=312"},{"taxonomy":"post_tag","embeddable":true,"href":"https:\/\/redaccion1.fcpolit.unr.edu.ar\/comision-arrabal\/wp-json\/wp\/v2\/tags?post=312"}],"curies":[{"name":"wp","href":"https:\/\/api.w.org\/{rel}","templated":true}]}}