{"id":2832,"date":"2018-09-05T13:56:43","date_gmt":"2018-09-05T13:56:43","guid":{"rendered":"http:\/\/fcpolit.unr.edu.ar\/blogs\/redaccion1-arrabal\/?p=2832"},"modified":"2018-09-05T13:56:43","modified_gmt":"2018-09-05T13:56:43","slug":"trabajo-practico-13-salida-al-campo-3","status":"publish","type":"post","link":"https:\/\/redaccion1.fcpolit.unr.edu.ar\/comision-arrabal\/2018\/09\/05\/trabajo-practico-13-salida-al-campo-3\/","title":{"rendered":"Trabajo Pr\u00e1ctico 13: Salida al Campo 3"},"content":{"rendered":"<p><a href=\"http:\/\/blogs.fcpolit.unr.edu.ar\/redaccion1-arrabal\/files\/2018\/09\/congreso.jpg_501420591.jpg\"><img loading=\"lazy\" decoding=\"async\" class=\"alignright size-full wp-image-2833\" src=\"http:\/\/blogs.fcpolit.unr.edu.ar\/redaccion1-arrabal\/files\/2018\/09\/congreso.jpg_501420591.jpg\" alt=\"\" width=\"448\" height=\"252\" \/><\/a>Del 10 al 13 de septiembre se realizar\u00e1 el <a href=\"https:\/\/fcpolit.unr.edu.ar\/congreso\/\">Congreso sobre Democracia<\/a>, un encuentro que se organiza desde 1994 en nuestra Facultad. El mismo contar\u00e1 con numerosas conferencias y presentaciones de expositores nacionales e internacionales. A partir del mismo, proponemos la realizaci\u00f3n del Trabajo Pr\u00e1ctico 13 &#8220;Salida al Campo 3&#8221;<\/p>\n<p><!--more--><\/p>\n<p><strong>Consignas<\/strong><\/p>\n<ol>\n<li>Elegir y asistir a una de las conferencias o presentaciones que se realicen durante el Congreso.<a href=\"https:\/\/fcpolit.unr.edu.ar\/congreso\/programa\/\"> Ver Programa<\/a><\/li>\n<li>Tomar nota y grabar. Sacar una foto.<\/li>\n<li>Redactar un texto informativo sobre la actividad que eligieron. Extensi\u00f3n: 2 carillas. Colocar t\u00edtulo y bajada.<\/li>\n<li>Subir el texto y la foto al grupo de Facebook.<\/li>\n<\/ol>\n<p><strong>Forma y fecha de entrega:<\/strong> Individual hasta el 20\/9<\/p>\n<p><strong>Aclaraci\u00f3n:\u00a0<\/strong>La asistencia al Congreso es gratuita. Si alguno quiere tener el certificado correspondiente, debe anotarse y abonar 100 pesos.<\/p>\n<p><strong>Cuestiones a tener en cuenta en la redacci\u00f3n del texto informativo:<\/strong><\/p>\n<p>-No utilizar primera persona.<\/p>\n<p>-No expresar opini\u00f3n personal.<\/p>\n<p>-El texto debe centrarte en una sola conferencia o exposici\u00f3n.<\/p>\n<p>-Incluir referencias en estilo directo, indirecto e h\u00edbrido del expositor.<\/p>\n<p>-El primer p\u00e1rrafo (lid) debe responder a las preguntas b\u00e1sicas del hecho: qu\u00e9, qui\u00e9n, cu\u00e1ndo, d\u00f3nde.<\/p>\n<p>-Chequear la correcta redacci\u00f3n de nombres y apellidos.<\/p>\n<p>-Incluir una breve referencia sobre qui\u00e9n es el conferencista (hay datos en la web del congreso\u00a0 o bien googlearlo).<\/p>\n<p>-Redactar para una audiencia amplia. El lenguaje debe ser claro.<\/p>\n<p>&nbsp;<\/p>\n","protected":false},"excerpt":{"rendered":"<p>Del 10 al 13 de septiembre se realizar\u00e1 el Congreso sobre Democracia, un encuentro que se organiza desde 1994 en nuestra Facultad. El mismo contar\u00e1 con numerosas conferencias y presentaciones de expositores nacionales e internacionales. A partir del mismo, proponemos la realizaci\u00f3n del Trabajo Pr\u00e1ctico 13 &#8220;Salida al Campo 3&#8221;<\/p>\n","protected":false},"author":15,"featured_media":0,"comment_status":"open","ping_status":"open","sticky":false,"template":"","format":"standard","meta":{"footnotes":""},"categories":[44,45],"tags":[],"_links":{"self":[{"href":"https:\/\/redaccion1.fcpolit.unr.edu.ar\/comision-arrabal\/wp-json\/wp\/v2\/posts\/2832"}],"collection":[{"href":"https:\/\/redaccion1.fcpolit.unr.edu.ar\/comision-arrabal\/wp-json\/wp\/v2\/posts"}],"about":[{"href":"https:\/\/redaccion1.fcpolit.unr.edu.ar\/comision-arrabal\/wp-json\/wp\/v2\/types\/post"}],"author":[{"embeddable":true,"href":"https:\/\/redaccion1.fcpolit.unr.edu.ar\/comision-arrabal\/wp-json\/wp\/v2\/users\/15"}],"replies":[{"embeddable":true,"href":"https:\/\/redaccion1.fcpolit.unr.edu.ar\/comision-arrabal\/wp-json\/wp\/v2\/comments?post=2832"}],"version-history":[{"count":0,"href":"https:\/\/redaccion1.fcpolit.unr.edu.ar\/comision-arrabal\/wp-json\/wp\/v2\/posts\/2832\/revisions"}],"wp:attachment":[{"href":"https:\/\/redaccion1.fcpolit.unr.edu.ar\/comision-arrabal\/wp-json\/wp\/v2\/media?parent=2832"}],"wp:term":[{"taxonomy":"category","embeddable":true,"href":"https:\/\/redaccion1.fcpolit.unr.edu.ar\/comision-arrabal\/wp-json\/wp\/v2\/categories?post=2832"},{"taxonomy":"post_tag","embeddable":true,"href":"https:\/\/redaccion1.fcpolit.unr.edu.ar\/comision-arrabal\/wp-json\/wp\/v2\/tags?post=2832"}],"curies":[{"name":"wp","href":"https:\/\/api.w.org\/{rel}","templated":true}]}}