{"id":1679,"date":"2014-10-29T13:10:40","date_gmt":"2014-10-29T13:10:40","guid":{"rendered":"http:\/\/fcpolit.unr.edu.ar\/blogs\/redaccion1-arrabal\/?p=1679"},"modified":"2014-10-29T13:10:40","modified_gmt":"2014-10-29T13:10:40","slug":"trabajo-20-texto-argumentativo","status":"publish","type":"post","link":"https:\/\/redaccion1.fcpolit.unr.edu.ar\/comision-arrabal\/2014\/10\/29\/trabajo-20-texto-argumentativo\/","title":{"rendered":"Trabajo 20 &quot;Texto argumentativo&quot;"},"content":{"rendered":"<p><a href=\"http:\/\/blogs.fcpolit.unr.edu.ar\/redaccion1-arrabal\/files\/2014\/10\/IMG-20141027-00063.jpg\"><img loading=\"lazy\" decoding=\"async\" class=\"alignleft size-full wp-image-1686\" src=\"http:\/\/blogs.fcpolit.unr.edu.ar\/redaccion1-arrabal\/files\/2014\/10\/IMG-20141027-00063.jpg\" alt=\"IMG-20141027-00063\" width=\"320\" height=\"240\" \/><\/a>1) Leer el material seleccionado por la Secretar\u00eda de Derechos humanos del Centro de Estudiantes de nuestra Facultad:\u00a0<a href=\"http:\/\/blogs.fcpolit.unr.edu.ar\/redaccion1-arrabal\/files\/2014\/10\/Juventud-y-Derechos-Humanos-en-Rosario.-Comisi\u00f3n-Arrabal.pdf\">Juventud y Derechos Humanos en Rosario. Comisi\u00f3n Arrabal<\/a><\/p>\n<p>2) Seleccionar uno de los ejes propuestos:<\/p>\n<p>-Estigmatizaci\u00f3n de la juventud y la pobreza en el discurso medi\u00e1tico<\/p>\n<p>-J\u00f3venes de las periferias, violencia policial y narcotr\u00e1fico<\/p>\n<p>-J\u00f3venes y el sistema penal: lugares de encierrro y debate sobre la edad de imputabilidad<\/p>\n<p><!--more--><\/p>\n<p>-Mujeres y juventud: violencia de g\u00e9nero<\/p>\n<p>-J\u00f3venes y experiencia cultural: el derecho al deporte y al arte<\/p>\n<p>-J\u00f3venes y derecho a la educaci\u00f3n: acceso, permanencia y deserci\u00f3n<\/p>\n<p>-Juventud y derecho al trabajo digno: precarizaci\u00f3n laboral, trabajo informal y desocupaci\u00f3n<\/p>\n<p>-J\u00f3venes y pol\u00edtica: experiencias y el derecho a organizarse y participar en pol\u00edtica<\/p>\n<p>3) Leer las fuentes de informaci\u00f3n correspondientes a ese eje (que est\u00e1n al final del material te\u00f3rico seleccionado) y todo aquello que \u00a0resulte pertinente al tema.<\/p>\n<p>4) A partir de todo lo le\u00eddo, visto y discutido en la clase, redactar un texto argumentativo (secuencial o dial\u00e9ctico) sobre &#8220;Juventud y derechos humanos&#8221;. Extensi\u00f3n: 80 l\u00edneas.<\/p>\n<p>5) Publicar en EnRedaccion hasta el 3\/11.<\/p>\n","protected":false},"excerpt":{"rendered":"<p>1) Leer el material seleccionado por la Secretar\u00eda de Derechos humanos del Centro de Estudiantes de nuestra Facultad:\u00a0Juventud y Derechos Humanos en Rosario. Comisi\u00f3n Arrabal 2) Seleccionar uno de los ejes propuestos: -Estigmatizaci\u00f3n de la juventud y la pobreza en el discurso medi\u00e1tico -J\u00f3venes de las periferias, violencia policial y narcotr\u00e1fico -J\u00f3venes y el sistema [&hellip;]<\/p>\n","protected":false},"author":15,"featured_media":0,"comment_status":"open","ping_status":"open","sticky":false,"template":"","format":"standard","meta":{"footnotes":""},"categories":[26,29],"tags":[],"_links":{"self":[{"href":"https:\/\/redaccion1.fcpolit.unr.edu.ar\/comision-arrabal\/wp-json\/wp\/v2\/posts\/1679"}],"collection":[{"href":"https:\/\/redaccion1.fcpolit.unr.edu.ar\/comision-arrabal\/wp-json\/wp\/v2\/posts"}],"about":[{"href":"https:\/\/redaccion1.fcpolit.unr.edu.ar\/comision-arrabal\/wp-json\/wp\/v2\/types\/post"}],"author":[{"embeddable":true,"href":"https:\/\/redaccion1.fcpolit.unr.edu.ar\/comision-arrabal\/wp-json\/wp\/v2\/users\/15"}],"replies":[{"embeddable":true,"href":"https:\/\/redaccion1.fcpolit.unr.edu.ar\/comision-arrabal\/wp-json\/wp\/v2\/comments?post=1679"}],"version-history":[{"count":0,"href":"https:\/\/redaccion1.fcpolit.unr.edu.ar\/comision-arrabal\/wp-json\/wp\/v2\/posts\/1679\/revisions"}],"wp:attachment":[{"href":"https:\/\/redaccion1.fcpolit.unr.edu.ar\/comision-arrabal\/wp-json\/wp\/v2\/media?parent=1679"}],"wp:term":[{"taxonomy":"category","embeddable":true,"href":"https:\/\/redaccion1.fcpolit.unr.edu.ar\/comision-arrabal\/wp-json\/wp\/v2\/categories?post=1679"},{"taxonomy":"post_tag","embeddable":true,"href":"https:\/\/redaccion1.fcpolit.unr.edu.ar\/comision-arrabal\/wp-json\/wp\/v2\/tags?post=1679"}],"curies":[{"name":"wp","href":"https:\/\/api.w.org\/{rel}","templated":true}]}}